{"id":91319,"date":"2018-02-06T18:43:52","date_gmt":"2018-02-06T20:43:52","guid":{"rendered":"http:\/\/diarioregionaljf.com.br\/2018\/02\/06\/funcionario-e-assaltado-dentro-de-paroquia-no-sao-pedro\/"},"modified":"2018-02-06T18:43:52","modified_gmt":"2018-02-06T20:43:52","slug":"funcionario-e-assaltado-dentro-de-paroquia-no-sao-pedro","status":"publish","type":"post","link":"https:\/\/diarioregionaldigital.com.br\/?p=91319","title":{"rendered":"Funcion\u00e1rio \u00e9 assaltado dentro de par\u00f3quia no S\u00e3o Pedro"},"content":{"rendered":"<p>A Par\u00f3quia de S\u00e3o Pedro, localizada no bairro de mesmo nome, na zona Oeste da cidade, sofreu uma tentativa de assalto no final da tarde dessa segunda-feira, 5.<\/p>\n<p>De acordo com informa\u00e7\u00f5es da Pol\u00edcia Militar (PM), um homem de 34 anos, que trabalha na administra\u00e7\u00e3o da par\u00f3quia, encontrava-se no local quando foi surpreendido por um indiv\u00edduo, que anunciou o assalto.<\/p>\n<p>O autor, de 30 anos, estava com uma arma de fogo e, ap\u00f3s amea\u00e7as, roubou o celular e R$10 da v\u00edtima, fugindo logo em seguida.<\/p>\n<p>A PM foi acionada e, de posse das caracter\u00edsticas do indiv\u00edduo, os militares iniciaram os rastreamentos imediatamente. O autor foi localizado e perseguido pelos policiais por um longo per\u00edodo. Durante a fuga, o assaltante veio a se ferir, pois pulou muros, passou por matas e subiu em telhados. Ele foi alcan\u00e7ado e devido aos ferimentos foi levado para o Hospital de Pronto Socorro (HPS).<\/p>\n<p>Ap\u00f3s ser medicado e liberado, o autor foi preso e levado para delegacia.<\/p>\n<p>Em buscas pela regi\u00e3o do crime, os policiais encontraram um simulacro de arma de fogo. Os itens roubados n\u00e3o foram recuperados.<\/p>\n<p>&nbsp;<\/p>\n","protected":false},"excerpt":{"rendered":"<p>A Par\u00f3quia de S\u00e3o Pedro, localizada no bairro de mesmo nome, na zona Oeste da cidade, sofreu uma tentativa de assalto no final da tarde dessa segunda-feira, 5. De acordo com informa\u00e7\u00f5es da Pol\u00edcia Militar (PM), um homem de 34 anos, que trabalha na administra\u00e7\u00e3o da par\u00f3quia, encontrava-se no local quando foi surpreendido por um [&hellip;]<\/p>\n","protected":false},"author":96,"featured_media":91318,"comment_status":"closed","ping_status":"closed","sticky":false,"template":"","format":"standard","meta":{"footnotes":""},"categories":[301],"tags":[],"class_list":["post-91319","post","type-post","status-publish","format-standard","has-post-thumbnail","hentry","category-artigos-policiais"],"_links":{"self":[{"href":"https:\/\/diarioregionaldigital.com.br\/index.php?rest_route=\/wp\/v2\/posts\/91319","targetHints":{"allow":["GET"]}}],"collection":[{"href":"https:\/\/diarioregionaldigital.com.br\/index.php?rest_route=\/wp\/v2\/posts"}],"about":[{"href":"https:\/\/diarioregionaldigital.com.br\/index.php?rest_route=\/wp\/v2\/types\/post"}],"author":[{"embeddable":true,"href":"https:\/\/diarioregionaldigital.com.br\/index.php?rest_route=\/wp\/v2\/users\/96"}],"replies":[{"embeddable":true,"href":"https:\/\/diarioregionaldigital.com.br\/index.php?rest_route=%2Fwp%2Fv2%2Fcomments&post=91319"}],"version-history":[{"count":0,"href":"https:\/\/diarioregionaldigital.com.br\/index.php?rest_route=\/wp\/v2\/posts\/91319\/revisions"}],"wp:featuredmedia":[{"embeddable":true,"href":"https:\/\/diarioregionaldigital.com.br\/index.php?rest_route=\/wp\/v2\/media\/91318"}],"wp:attachment":[{"href":"https:\/\/diarioregionaldigital.com.br\/index.php?rest_route=%2Fwp%2Fv2%2Fmedia&parent=91319"}],"wp:term":[{"taxonomy":"category","embeddable":true,"href":"https:\/\/diarioregionaldigital.com.br\/index.php?rest_route=%2Fwp%2Fv2%2Fcategories&post=91319"},{"taxonomy":"post_tag","embeddable":true,"href":"https:\/\/diarioregionaldigital.com.br\/index.php?rest_route=%2Fwp%2Fv2%2Ftags&post=91319"}],"curies":[{"name":"wp","href":"https:\/\/api.w.org\/{rel}","templated":true}]}}