{"id":91313,"date":"2018-02-06T18:20:37","date_gmt":"2018-02-06T20:20:37","guid":{"rendered":"http:\/\/diarioregionaljf.com.br\/2018\/02\/06\/joao-santana-e-monica-moura-reafirmam-ter-recebido-dinheiro-de-caixa-2\/"},"modified":"2018-02-06T18:20:37","modified_gmt":"2018-02-06T20:20:37","slug":"joao-santana-e-monica-moura-reafirmam-ter-recebido-dinheiro-de-caixa-2","status":"publish","type":"post","link":"https:\/\/diarioregionaldigital.com.br\/?p=91313","title":{"rendered":"Jo\u00e3o Santana e M\u00f4nica Moura reafirmam ter recebido dinheiro de caixa 2"},"content":{"rendered":"<p>O publicit\u00e1rio Jo\u00e3o Santana e sua mulher, M\u00f4nica Moura, reafirmaram nessa segunda-feira, &nbsp;5, ao juiz federal S\u00e9rgio Moro que receberam recursos n\u00e3o contabilizados (caixa 2) em todas as campanhas que participaram, incluindo as do ex-presidente Luiz In\u00e1cio Lula da Silva e do PT. O casal, que assinou acordo de dela\u00e7\u00e3o premiada, prestou depoimento na tarde de ontem na a\u00e7\u00e3o penal na qual Lula \u00e9 r\u00e9u no caso do s\u00edtio de Atibaia (SP).<\/p>\n<p>Ao responder a questionamentos do representante do Minist\u00e9rio P\u00fablico Federal (MPF) na audi\u00eancia, M\u00f4nica reafirmou que os recursos para o pagamento de seu trabalho nas campanhas eram entregues em m\u00e3os e por meio de dep\u00f3sitos no exterior. As transfer\u00eancias eram enviadas para uma conta que Santana tinha na Su\u00ed\u00e7a, destinada a receber valores de caixa 2.<\/p>\n<p>\u201cN\u00e3o existe campanha pol\u00edtica no Brasil sem dinheiro n\u00e3o contabilizado, caixa 2. N\u00e3o se faz. Se algu\u00e9m disser que faz, n\u00e3o est\u00e1 falando a verdade\u201d, disse M\u00f4nica.<\/p>\n<p>Na campanha \u00e0 reelei\u00e7\u00e3o de Lula em 2006, M\u00f4nica disse que os servi\u00e7os dos maqueteiros custaram cerca de R$18 milh\u00f5es, mas somente R$8 milh\u00f5es foram pagos pelas vias oficiais.<\/p>\n<p>Durante o depoimento, M\u00f4nica Moura tamb\u00e9m afirmou que n\u00e3o tratava de quest\u00f5es financeiras de campanha com o ex-presidente Lula, mas com o ex-ministro Ant\u00f4nio Palocci. \u201cNunca falei de dinheiro com o presidente Lula\u201d, afirmou.<\/p>\n<p>Jo\u00e3o Santana tamb\u00e9m reafirmou que parte dos recursos da campanha foram pagos pela empreiteira Odebrecht, mas disse que n\u00e3o tinha conhecimento da suposta origem em contratos desviados da Petrobras, conforme den\u00fancia do MPF. \u201cEra um dinheiro que vinha da Odebrecht, como se fosse ajuda de campanha, ajuda pol\u00edtica da Odebrecht\u201d.<\/p>\n<p>Segundo a den\u00fancia apresentada pelo Minist\u00e9rio P\u00fablico Federal (MPF), a Odebrecht e a OAS pagaram reformas feitas no s\u00edtio de Atibaia, utilizado por Lula e pela fam\u00edlia dele, com recursos desviados de contratos superfaturados da Petrobras.<\/p>\n<p>Fonte: Ag\u00eancia Brasil<\/p>\n","protected":false},"excerpt":{"rendered":"<p>O publicit\u00e1rio Jo\u00e3o Santana e sua mulher, M\u00f4nica Moura, reafirmaram nessa segunda-feira, &nbsp;5, ao juiz federal S\u00e9rgio Moro que receberam recursos n\u00e3o contabilizados (caixa 2) em todas as campanhas que participaram, incluindo as do ex-presidente Luiz In\u00e1cio Lula da Silva e do PT. O casal, que assinou acordo de dela\u00e7\u00e3o premiada, prestou depoimento na tarde [&hellip;]<\/p>\n","protected":false},"author":96,"featured_media":91312,"comment_status":"closed","ping_status":"closed","sticky":false,"template":"","format":"standard","meta":{"footnotes":""},"categories":[254],"tags":[],"class_list":["post-91313","post","type-post","status-publish","format-standard","has-post-thumbnail","hentry","category-politica"],"_links":{"self":[{"href":"https:\/\/diarioregionaldigital.com.br\/index.php?rest_route=\/wp\/v2\/posts\/91313","targetHints":{"allow":["GET"]}}],"collection":[{"href":"https:\/\/diarioregionaldigital.com.br\/index.php?rest_route=\/wp\/v2\/posts"}],"about":[{"href":"https:\/\/diarioregionaldigital.com.br\/index.php?rest_route=\/wp\/v2\/types\/post"}],"author":[{"embeddable":true,"href":"https:\/\/diarioregionaldigital.com.br\/index.php?rest_route=\/wp\/v2\/users\/96"}],"replies":[{"embeddable":true,"href":"https:\/\/diarioregionaldigital.com.br\/index.php?rest_route=%2Fwp%2Fv2%2Fcomments&post=91313"}],"version-history":[{"count":0,"href":"https:\/\/diarioregionaldigital.com.br\/index.php?rest_route=\/wp\/v2\/posts\/91313\/revisions"}],"wp:featuredmedia":[{"embeddable":true,"href":"https:\/\/diarioregionaldigital.com.br\/index.php?rest_route=\/wp\/v2\/media\/91312"}],"wp:attachment":[{"href":"https:\/\/diarioregionaldigital.com.br\/index.php?rest_route=%2Fwp%2Fv2%2Fmedia&parent=91313"}],"wp:term":[{"taxonomy":"category","embeddable":true,"href":"https:\/\/diarioregionaldigital.com.br\/index.php?rest_route=%2Fwp%2Fv2%2Fcategories&post=91313"},{"taxonomy":"post_tag","embeddable":true,"href":"https:\/\/diarioregionaldigital.com.br\/index.php?rest_route=%2Fwp%2Fv2%2Ftags&post=91313"}],"curies":[{"name":"wp","href":"https:\/\/api.w.org\/{rel}","templated":true}]}}