{"id":91311,"date":"2018-02-06T18:15:28","date_gmt":"2018-02-06T20:15:28","guid":{"rendered":"http:\/\/diarioregionaljf.com.br\/2018\/02\/06\/juiz-de-fora-tem-seis-casos-confirmados-de-febre-amarela\/"},"modified":"2018-02-06T18:15:28","modified_gmt":"2018-02-06T20:15:28","slug":"juiz-de-fora-tem-seis-casos-confirmados-de-febre-amarela","status":"publish","type":"post","link":"https:\/\/diarioregionaldigital.com.br\/?p=91311","title":{"rendered":"Juiz de Fora tem seis casos confirmados de febre amarela"},"content":{"rendered":"<p>De acordo com Boletim Epidemiol\u00f3gico divulgado pela Secretaria de Estado de Sa\u00fade de Minas Gerais (SES\/MG) nessa ter\u00e7a-feira, 6, Juiz de Fora j\u00e1 tem seis casos confirmados de febre amarela. A pasta confirmou mais duas mortes em decorr\u00eancia da doen\u00e7a e que tr\u00eas pacientes, diagnosticados com febre amarela, permanecem internados.<\/p>\n<p>A primeira morte registrada na cidade foi comunicada pela Secretaria de Sa\u00fade municipal (SS) no dia 26 de janeiro. O paciente em quest\u00e3o \u00e9 o homem de 58 anos que foi internado no Hospital Albert Sabin com suspeita de febre amarela, mas em seguida foi transferido para Santa Casa, no dia 17 de janeiro, onde foi submetido a um transplante de f\u00edgado por apresentar quadro de hepatite fulminante. Ele morreu no dia seguinte.<\/p>\n<p>Em 10 dos 37 munic\u00edpios que integram a Unidade Regional de Sa\u00fade coordenada pela cidade, j\u00e1 s\u00e3o 18 casos da doen\u00e7a, com 10 mortes confirmadas.<\/p>\n<p>Conforme dados da SS, Juiz de Fora j\u00e1 est\u00e1 pr\u00f3xima de atingir a meta de vacina\u00e7\u00e3o contra febre amarela estabelecida pelo Minist\u00e9rio da Sa\u00fade e Secretaria de Estado de Sa\u00fade. Segundo a pasta, at\u00e9 o dia 26 de janeiro, 94,76% da popula\u00e7\u00e3o j\u00e1 havia sido vacinada.<\/p>\n<p>A Secretaria tamb\u00e9m informou que 68 macacos foram encontrados mortos na cidade at\u00e9 essa segunda-feira, 5. Entre eles, dois tiveram suas mortes devido a doen\u00e7a confirmada e 48 est\u00e3o sendo investigados.<\/p>\n<h4>&nbsp;<\/h4>\n<h4>N\u00daMEROS EM MINAS<\/h4>\n<p>O balan\u00e7o da SES\/MG tamb\u00e9m aponta que, at\u00e9 o momento, j\u00e1 foram confirmados 164 casos de febre amarela silvestre no estado, dos quais 61 resultaram em v\u00edtimas fatais (\u00edndice de mortalidade de 37,2%). Outros 301 continuam em investiga\u00e7\u00e3o e 74 casos suspeitos foram descartados.<\/p>\n<p>Do total de casos confirmados, 151 (92,1%) s\u00e3o em pacientes do sexo masculino e 13 (7,9%) em pacientes do sexo feminino. Os casos foram confirmados laboratorialmente e n\u00e3o h\u00e1 relato de vacina\u00e7\u00e3o para a febre amarela entre os mesmos.<\/p>\n<p>A mediana de idade dos casos confirmados \u00e9 de 47 anos. Conforme o levantamento, j\u00e1 foram registrados casos em pacientes de tr\u00eas a 88 anos.<\/p>\n<p>&nbsp;<\/p>\n<p><strong>Colabora\u00e7\u00e3o: Douglas Ribeiro&nbsp;<\/strong><\/p>\n","protected":false},"excerpt":{"rendered":"<p>De acordo com Boletim Epidemiol\u00f3gico divulgado pela Secretaria de Estado de Sa\u00fade de Minas Gerais (SES\/MG) nessa ter\u00e7a-feira, 6, Juiz de Fora j\u00e1 tem seis casos confirmados de febre amarela. A pasta confirmou mais duas mortes em decorr\u00eancia da doen\u00e7a e que tr\u00eas pacientes, diagnosticados com febre amarela, permanecem internados. A primeira morte registrada na [&hellip;]<\/p>\n","protected":false},"author":96,"featured_media":91310,"comment_status":"closed","ping_status":"closed","sticky":false,"template":"","format":"standard","meta":{"footnotes":""},"categories":[253],"tags":[],"class_list":["post-91311","post","type-post","status-publish","format-standard","has-post-thumbnail","hentry","category-cidade"],"_links":{"self":[{"href":"https:\/\/diarioregionaldigital.com.br\/index.php?rest_route=\/wp\/v2\/posts\/91311","targetHints":{"allow":["GET"]}}],"collection":[{"href":"https:\/\/diarioregionaldigital.com.br\/index.php?rest_route=\/wp\/v2\/posts"}],"about":[{"href":"https:\/\/diarioregionaldigital.com.br\/index.php?rest_route=\/wp\/v2\/types\/post"}],"author":[{"embeddable":true,"href":"https:\/\/diarioregionaldigital.com.br\/index.php?rest_route=\/wp\/v2\/users\/96"}],"replies":[{"embeddable":true,"href":"https:\/\/diarioregionaldigital.com.br\/index.php?rest_route=%2Fwp%2Fv2%2Fcomments&post=91311"}],"version-history":[{"count":0,"href":"https:\/\/diarioregionaldigital.com.br\/index.php?rest_route=\/wp\/v2\/posts\/91311\/revisions"}],"wp:featuredmedia":[{"embeddable":true,"href":"https:\/\/diarioregionaldigital.com.br\/index.php?rest_route=\/wp\/v2\/media\/91310"}],"wp:attachment":[{"href":"https:\/\/diarioregionaldigital.com.br\/index.php?rest_route=%2Fwp%2Fv2%2Fmedia&parent=91311"}],"wp:term":[{"taxonomy":"category","embeddable":true,"href":"https:\/\/diarioregionaldigital.com.br\/index.php?rest_route=%2Fwp%2Fv2%2Fcategories&post=91311"},{"taxonomy":"post_tag","embeddable":true,"href":"https:\/\/diarioregionaldigital.com.br\/index.php?rest_route=%2Fwp%2Fv2%2Ftags&post=91311"}],"curies":[{"name":"wp","href":"https:\/\/api.w.org\/{rel}","templated":true}]}}