{"id":91309,"date":"2018-02-06T18:09:38","date_gmt":"2018-02-06T20:09:38","guid":{"rendered":"http:\/\/diarioregionaljf.com.br\/2018\/02\/06\/coreia-do-sul-aproveitara-jogos-de-pyeongchang-para-mostrar-tecnologia-e-cultura\/"},"modified":"2018-02-06T18:09:38","modified_gmt":"2018-02-06T20:09:38","slug":"coreia-do-sul-aproveitara-jogos-de-pyeongchang-para-mostrar-tecnologia-e-cultura","status":"publish","type":"post","link":"https:\/\/diarioregionaldigital.com.br\/?p=91309","title":{"rendered":"Coreia do Sul aproveitar\u00e1 Jogos de PyeongChang para mostrar tecnologia e cultura"},"content":{"rendered":"<p>A Coreia do Sul vai sediar, de 9 a 25 de fevereiro deste ano, os Jogos Ol\u00edmpicos de Inverno PyeongChang 2018. E vai aproveitar o momento para mostrar ao mundo n\u00e3o s\u00f3 sua for\u00e7a esportiva, mas tamb\u00e9m a arte, a cultura e o desenvolvimento econ\u00f4mico e tecnol\u00f3gico alcan\u00e7ado nos \u00faltimos 30 anos, que colocou o pa\u00eds na lideran\u00e7a mundial de equipamentos, ve\u00edculos e aparelhos eletr\u00f4nicos e de comunica\u00e7\u00e3o.<\/p>\n<p>Ao falar sobre os Jogos de PyeongChang, o ministro da Embaixada da Coreia no Brasil, Kwon Youngseup, disse que os organizadores v\u00e3o mostrar, durante o evento, a nova tecnologia 5G, que visa revolucionar a internet e a telefonia m\u00f3vel, com mais velocidade de conex\u00e3o, realidade virtual, intelig\u00eancia artificial e a chamada internet das coisas (que vai conectar eletrodom\u00e9sticos e meios de transportes com a rede mundial de computadores).<\/p>\n<h4>&nbsp;<\/h4>\n<h4>K-POP<\/h4>\n<p>Al\u00e9m disso, segundo o ministro, os Jogos servir\u00e3o de palco para apresenta\u00e7\u00e3o da cultura do pa\u00eds, como o K-Pop, estilo de m\u00fasica coreana que viralizou por meio das redes sociais e conquistou milh\u00f5es de jovens em todo o mundo. No Brasil, centenas de milhares de pr\u00e9-adolescentes acompanham diariamente as novidades musicais.<\/p>\n<p>Os organizadores dos Jogos de PyeongChang, de acordo com Kwon Youngseup, tamb\u00e9m dar\u00e3o ampla espa\u00e7o para a expans\u00e3o dos doramas (ou k-dramas), que s\u00e3o novelas coreanas que fazem grande sucesso em muitos pa\u00edses, inclusive no Brasil.<\/p>\n<p>\u201cQueremos incentivar a divulga\u00e7\u00e3o da cultura coreana pela m\u00eddia brasileira\u201d,disse Kwon Youngseup.<\/p>\n<h4>&nbsp;<\/h4>\n<h4>SEGURAN\u00c7A<\/h4>\n<p>De acordo com o ministro Kwon Youngseup, o governo coreano dar\u00e1 \u00eanfase \u00e0 seguran\u00e7a durante os jogos. Com rela\u00e7\u00e3o \u00e0 vizinha Coreia do Norte, o diplomata coreano afirmou que a seguran\u00e7a ter\u00e1 como pilar a tr\u00e9gua ol\u00edmpica para os Jogos de PyeongChang 2018, aprovada pela Assembleia Geral das Na\u00e7\u00f5es Unidas, em 2017. Por essa tr\u00e9gua, a Coreia do Norte e a Coreia do Sul n\u00e3o s\u00f3 evitar\u00e3o agress\u00f5es m\u00fatuas como tamb\u00e9m participar\u00e3o em conjunto de eventos sociais e esportivos. A Coreia do Norte foi inclusive convidada a mostrar aspectos de sua arte e cultura durante os jogos.<\/p>\n<h4>&nbsp;<\/h4>\n<h4>COMPETI\u00c7\u00c3O<\/h4>\n<p>Os Jogos Ol\u00edmpicos de Inverno de PyeongChang rivalizam em termos de interesse internacional com os Jogos Ol\u00edmpicos de Ver\u00e3o, cuja \u00faltima edi\u00e7\u00e3o foi realizada no Rio de Janeiro, em 2016, com a Copa do Mundo e com o Super Bowl (futebol americano).<\/p>\n<p>Cerca de 3 mil atletas de 95 pa\u00edses v\u00e3o participar das competi\u00e7\u00f5es. Ao todo, ser\u00e3o realizadas 102 finais em 15 modalidades de inverno, com transmiss\u00e3o ao vivo pela televis\u00e3o para todo o mundo.<\/p>\n<p>Apesar de o clima brasileiro ser mais favor\u00e1vel aos esportes de ver\u00e3o, o Brasil enviar\u00e1 uma delega\u00e7\u00e3o com nove atletas e mais um reserva. O pa\u00eds conquistou vaga em cinco modalidades: esqui alpino, esqui cross country, snowboard, bobsled e patina\u00e7\u00e3o art\u00edstica.<\/p>\n<p>A delega\u00e7\u00e3o brasileira ser\u00e1 formada por Isadora Williams (patina\u00e7\u00e3o art\u00edstica); Edson Bindilatti, Odirlei Pessoni, Rafael Souza, Edson Martins e o reserva Erick Vianna (bobsled); Michel Macedo (esqui alpino); Jaqueline Mour\u00e3o e Victor Santos (esqui cross country); e Isabel Clark (snowboard).<\/p>\n<p>O Brasil obteve a in\u00e9dita classifica\u00e7\u00e3o no bobsled de duas pessoas. O bobsled \u00e9 um esporte de inverno no qual equipes de duas ou quatro pessoas fazem corridas em estreitas trilhas de gelo sobre um tren\u00f3.<\/p>\n<p>Os Jogos Ol\u00edmpicos de Inverno ser\u00e3o os primeiros da Coreia, que j\u00e1 sediou os Jogos Ol\u00edmpicos de Ver\u00e3o, em Seul, h\u00e1 30 anos.<\/p>\n<p>Fonte: Ag\u00eancia Brasil<\/p>\n","protected":false},"excerpt":{"rendered":"<p>A Coreia do Sul vai sediar, de 9 a 25 de fevereiro deste ano, os Jogos Ol\u00edmpicos de Inverno PyeongChang 2018. E vai aproveitar o momento para mostrar ao mundo n\u00e3o s\u00f3 sua for\u00e7a esportiva, mas tamb\u00e9m a arte, a cultura e o desenvolvimento econ\u00f4mico e tecnol\u00f3gico alcan\u00e7ado nos \u00faltimos 30 anos, que colocou o [&hellip;]<\/p>\n","protected":false},"author":96,"featured_media":91308,"comment_status":"closed","ping_status":"closed","sticky":false,"template":"","format":"standard","meta":{"footnotes":""},"categories":[302],"tags":[],"class_list":["post-91309","post","type-post","status-publish","format-standard","has-post-thumbnail","hentry","category-brasil-mundo"],"_links":{"self":[{"href":"https:\/\/diarioregionaldigital.com.br\/index.php?rest_route=\/wp\/v2\/posts\/91309","targetHints":{"allow":["GET"]}}],"collection":[{"href":"https:\/\/diarioregionaldigital.com.br\/index.php?rest_route=\/wp\/v2\/posts"}],"about":[{"href":"https:\/\/diarioregionaldigital.com.br\/index.php?rest_route=\/wp\/v2\/types\/post"}],"author":[{"embeddable":true,"href":"https:\/\/diarioregionaldigital.com.br\/index.php?rest_route=\/wp\/v2\/users\/96"}],"replies":[{"embeddable":true,"href":"https:\/\/diarioregionaldigital.com.br\/index.php?rest_route=%2Fwp%2Fv2%2Fcomments&post=91309"}],"version-history":[{"count":0,"href":"https:\/\/diarioregionaldigital.com.br\/index.php?rest_route=\/wp\/v2\/posts\/91309\/revisions"}],"wp:featuredmedia":[{"embeddable":true,"href":"https:\/\/diarioregionaldigital.com.br\/index.php?rest_route=\/wp\/v2\/media\/91308"}],"wp:attachment":[{"href":"https:\/\/diarioregionaldigital.com.br\/index.php?rest_route=%2Fwp%2Fv2%2Fmedia&parent=91309"}],"wp:term":[{"taxonomy":"category","embeddable":true,"href":"https:\/\/diarioregionaldigital.com.br\/index.php?rest_route=%2Fwp%2Fv2%2Fcategories&post=91309"},{"taxonomy":"post_tag","embeddable":true,"href":"https:\/\/diarioregionaldigital.com.br\/index.php?rest_route=%2Fwp%2Fv2%2Ftags&post=91309"}],"curies":[{"name":"wp","href":"https:\/\/api.w.org\/{rel}","templated":true}]}}