{"id":91305,"date":"2018-02-06T17:44:59","date_gmt":"2018-02-06T19:44:59","guid":{"rendered":"http:\/\/diarioregionaljf.com.br\/2018\/02\/06\/parlamento-europeu-homenageia-o-ex-presidente-portugues-mario-soares\/"},"modified":"2018-02-06T17:44:59","modified_gmt":"2018-02-06T19:44:59","slug":"parlamento-europeu-homenageia-o-ex-presidente-portugues-mario-soares","status":"publish","type":"post","link":"https:\/\/diarioregionaldigital.com.br\/?p=91305","title":{"rendered":"Parlamento Europeu homenageia o ex-presidente portugu\u00eas M\u00e1rio Soares"},"content":{"rendered":"<p>O Parlamento Europeu (PE) prestou homenagem a M\u00e1rio Soares, atribuindo o nome do ex-presidente de Portugal a uma das salas de reuni\u00e3o da institui\u00e7\u00e3o. M\u00e1rio Soares, que morreu no dia 6 de janeiro de 2017, aos 92 anos, \u00e9 considerado por muitos um dos grandes nomes da democracia no pa\u00eds.<\/p>\n<p>Soares foi advogado, fundou o Partido Socialista, lutou contra a ditadura de Salazar, foi preso e exilou-se em Paris. De volta a Portugal, foi ministro dos Neg\u00f3cios Estrangeiros, primeiro-ministro e presidente da Rep\u00fablica.<\/p>\n<p>A cerim\u00f4nia de homenagem, realizada em Bruxelas, contou com a presen\u00e7a do primeiro-ministro portugu\u00eas, Ant\u00f3nio Costa, de deputados e parentes de Soares.<\/p>\n<p>\u201cM\u00e1rio Soares foi um grande estadista do s\u00e9culo 20, l\u00edder de um pa\u00eds moderno, de um Portugal democr\u00e1tico e um pai da Europa\u201d, afirmou o vice-presidente do Parlamento Europeu, David-Maria Sassoli.<\/p>\n<p>\u201cUm grande defensor do ideal europeu e dos seus valores de paz, liberdade, justi\u00e7a e progresso, M\u00e1rio Soares v\u00ea o seu nome e a sua obra para sempre ligados a esta casa, que \u00e9 a casa dos povos da Europa\u201d, afirmou o eurodeputado socialista portugu\u00eas Carlos Zorrinho.<\/p>\n<p>\u201cCom ousada vis\u00e3o estrat\u00e9gica, que n\u00e3o vacilou um instante, foi Soares quem subscreveu, logo em 1977, o pedido de ades\u00e3o de Portugal \u00e0 ent\u00e3o CEE [Comunidade Econ\u00f4mica Europeia, hoje chamada apenas de Comunidade Europeia]. Foi ainda ele que, em 1985, logrou concluir as negocia\u00e7\u00f5es e assinar o Tratado de Ades\u00e3o\u201d, afirmou o primeiro-ministro de Portugal, Ant\u00f3nio Costa.<\/p>\n<p>A sala M\u00e1rio Soares (sala ASP3G3) fica no edif\u00edcio Altiero Spinelli e \u00e9 habitualmente usada para reuni\u00f5es das comiss\u00f5es parlamentares do PE.<\/p>\n<p>Fonte: Ag\u00eancia Brasil<\/p>\n","protected":false},"excerpt":{"rendered":"<p>O Parlamento Europeu (PE) prestou homenagem a M\u00e1rio Soares, atribuindo o nome do ex-presidente de Portugal a uma das salas de reuni\u00e3o da institui\u00e7\u00e3o. M\u00e1rio Soares, que morreu no dia 6 de janeiro de 2017, aos 92 anos, \u00e9 considerado por muitos um dos grandes nomes da democracia no pa\u00eds. Soares foi advogado, fundou o [&hellip;]<\/p>\n","protected":false},"author":96,"featured_media":91304,"comment_status":"closed","ping_status":"closed","sticky":false,"template":"","format":"standard","meta":{"footnotes":""},"categories":[302],"tags":[],"class_list":["post-91305","post","type-post","status-publish","format-standard","has-post-thumbnail","hentry","category-brasil-mundo"],"_links":{"self":[{"href":"https:\/\/diarioregionaldigital.com.br\/index.php?rest_route=\/wp\/v2\/posts\/91305","targetHints":{"allow":["GET"]}}],"collection":[{"href":"https:\/\/diarioregionaldigital.com.br\/index.php?rest_route=\/wp\/v2\/posts"}],"about":[{"href":"https:\/\/diarioregionaldigital.com.br\/index.php?rest_route=\/wp\/v2\/types\/post"}],"author":[{"embeddable":true,"href":"https:\/\/diarioregionaldigital.com.br\/index.php?rest_route=\/wp\/v2\/users\/96"}],"replies":[{"embeddable":true,"href":"https:\/\/diarioregionaldigital.com.br\/index.php?rest_route=%2Fwp%2Fv2%2Fcomments&post=91305"}],"version-history":[{"count":0,"href":"https:\/\/diarioregionaldigital.com.br\/index.php?rest_route=\/wp\/v2\/posts\/91305\/revisions"}],"wp:featuredmedia":[{"embeddable":true,"href":"https:\/\/diarioregionaldigital.com.br\/index.php?rest_route=\/wp\/v2\/media\/91304"}],"wp:attachment":[{"href":"https:\/\/diarioregionaldigital.com.br\/index.php?rest_route=%2Fwp%2Fv2%2Fmedia&parent=91305"}],"wp:term":[{"taxonomy":"category","embeddable":true,"href":"https:\/\/diarioregionaldigital.com.br\/index.php?rest_route=%2Fwp%2Fv2%2Fcategories&post=91305"},{"taxonomy":"post_tag","embeddable":true,"href":"https:\/\/diarioregionaldigital.com.br\/index.php?rest_route=%2Fwp%2Fv2%2Ftags&post=91305"}],"curies":[{"name":"wp","href":"https:\/\/api.w.org\/{rel}","templated":true}]}}