{"id":91303,"date":"2018-02-06T17:41:08","date_gmt":"2018-02-06T19:41:08","guid":{"rendered":"http:\/\/diarioregionaljf.com.br\/2018\/02\/06\/recuperacao-de-viaduto-que-desabou-em-brasilia-deve-levar-seis-meses\/"},"modified":"2018-02-06T17:41:08","modified_gmt":"2018-02-06T19:41:08","slug":"recuperacao-de-viaduto-que-desabou-em-brasilia-deve-levar-seis-meses","status":"publish","type":"post","link":"https:\/\/diarioregionaldigital.com.br\/?p=91303","title":{"rendered":"Recupera\u00e7\u00e3o de viaduto que desabou em Bras\u00edlia deve levar seis meses"},"content":{"rendered":"<p>O trecho do viaduto que desabou na manh\u00e3 dessa ter\u00e7a-feira, 6, no centro de Bras\u00edlia, deve ser recuperado em cerca de seis meses, segundo previs\u00e3o da presidente do Conselho Regional de Engenharia (CREA), F\u00e1tima C\u00f3. &#8220;Mas \u00e9 prov\u00e1vel que o processo licitat\u00f3rio n\u00e3o deva demorar, por se tratar de uma emerg\u00eancia&#8221;, destacou.<\/p>\n<p>At\u00e9 o momento, n\u00e3o foram registradas v\u00edtimas do desabamento. O tr\u00e2nsito est\u00e1 completamente bloqueado na via, e n\u00e3o h\u00e1 previs\u00e3o de libera\u00e7\u00e3o. O diretor-geral do Departamento de Estradas de Rodagem do Distrito Federal (DER-DF), Henrique Ludovice, disse que os \u00f3rg\u00e3os do governo v\u00e3o trabalhar de forma articulada, primeiramente no escoramento desse viaduto e na an\u00e1lise da estrutura.<\/p>\n<p>\u201cPara que possamos oferecer \u00e0 popula\u00e7\u00e3o a solu\u00e7\u00e3o mais adequada e mais correta sob o ponto de vista a interven\u00e7\u00e3o necess\u00e1ria nesse viaduto. Enquanto isso, faremos o desvio do tr\u00e1fego nas redondezas para que o acesso ao centro do Plano piloto possa ocorrer, embora com as dificuldades sem a presen\u00e7a do Eixo Rodovi\u00e1rio\u201d, disse.<\/p>\n<h4>&nbsp;<\/h4>\n<h4>MANUTEN\u00c7\u00c3O<\/h4>\n<p>O governador do Distrito Federal, Rodrigo Rollemberg, reconheceu que o viaduto n\u00e3o recebeu manuten\u00e7\u00e3o. &#8220;S\u00e3o viadutos antigos. Desde o in\u00edcio do nosso governo, fizemos manuten\u00e7\u00e3o em oito viadutos. Seis deles receberam refor\u00e7o estrutural. Infelizmente, esse n\u00e3o recebeu e agora temos que ver que provid\u00eancias iremos tomar a partir de agora.&#8221;<\/p>\n<p>Para a presidente do Crea, diversos fatores colaboraram para o desabamento da estrutura. &#8220;A quest\u00e3o de opini\u00e3o t\u00e9cnica, eu gostaria de aguardar uma per\u00edcia. S\u00e3o diversos fatores que levam ao caos, ao colapso. Aqui, com certeza, foram diversos fatores, mas n\u00e3o a chuva, afinal n\u00e3o estava chovendo. Ent\u00e3o, foi porque realmente a estrutura j\u00e1 estava, digamos assim, no ponto mais fr\u00e1gil dela&#8221;, destacou F\u00e1tima C\u00f3.<\/p>\n<p>Perguntada sobre a possibilidade de o outro lado do elevado ceder, ela disse que estaria sendo irrespons\u00e1vel ao tentar antecipar qualquer avalia\u00e7\u00e3o.<\/p>\n<p>Em 2013, uma auditoria do Tribunal de Contas do Distrito Federal detectou fragilidades em diversos monumentos de Bras\u00edlia, entre elas o viaduto. Na oportunidade, a equipe de vistoria recomendou que a obra fosse reformada.<\/p>\n<p>Fonte: Ag\u00eancia Brasil<\/p>\n","protected":false},"excerpt":{"rendered":"<p>O trecho do viaduto que desabou na manh\u00e3 dessa ter\u00e7a-feira, 6, no centro de Bras\u00edlia, deve ser recuperado em cerca de seis meses, segundo previs\u00e3o da presidente do Conselho Regional de Engenharia (CREA), F\u00e1tima C\u00f3. &#8220;Mas \u00e9 prov\u00e1vel que o processo licitat\u00f3rio n\u00e3o deva demorar, por se tratar de uma emerg\u00eancia&#8221;, destacou. At\u00e9 o momento, [&hellip;]<\/p>\n","protected":false},"author":96,"featured_media":91302,"comment_status":"closed","ping_status":"closed","sticky":false,"template":"","format":"standard","meta":{"footnotes":""},"categories":[302],"tags":[],"class_list":["post-91303","post","type-post","status-publish","format-standard","has-post-thumbnail","hentry","category-brasil-mundo"],"_links":{"self":[{"href":"https:\/\/diarioregionaldigital.com.br\/index.php?rest_route=\/wp\/v2\/posts\/91303","targetHints":{"allow":["GET"]}}],"collection":[{"href":"https:\/\/diarioregionaldigital.com.br\/index.php?rest_route=\/wp\/v2\/posts"}],"about":[{"href":"https:\/\/diarioregionaldigital.com.br\/index.php?rest_route=\/wp\/v2\/types\/post"}],"author":[{"embeddable":true,"href":"https:\/\/diarioregionaldigital.com.br\/index.php?rest_route=\/wp\/v2\/users\/96"}],"replies":[{"embeddable":true,"href":"https:\/\/diarioregionaldigital.com.br\/index.php?rest_route=%2Fwp%2Fv2%2Fcomments&post=91303"}],"version-history":[{"count":0,"href":"https:\/\/diarioregionaldigital.com.br\/index.php?rest_route=\/wp\/v2\/posts\/91303\/revisions"}],"wp:featuredmedia":[{"embeddable":true,"href":"https:\/\/diarioregionaldigital.com.br\/index.php?rest_route=\/wp\/v2\/media\/91302"}],"wp:attachment":[{"href":"https:\/\/diarioregionaldigital.com.br\/index.php?rest_route=%2Fwp%2Fv2%2Fmedia&parent=91303"}],"wp:term":[{"taxonomy":"category","embeddable":true,"href":"https:\/\/diarioregionaldigital.com.br\/index.php?rest_route=%2Fwp%2Fv2%2Fcategories&post=91303"},{"taxonomy":"post_tag","embeddable":true,"href":"https:\/\/diarioregionaldigital.com.br\/index.php?rest_route=%2Fwp%2Fv2%2Ftags&post=91303"}],"curies":[{"name":"wp","href":"https:\/\/api.w.org\/{rel}","templated":true}]}}