{"id":91301,"date":"2018-02-06T15:18:54","date_gmt":"2018-02-06T17:18:54","guid":{"rendered":"http:\/\/diarioregionaljf.com.br\/2018\/02\/06\/pf-faz-operacao-para-deter-seita-envolvida-com-trabalho-escravo-e-estelionato\/"},"modified":"2018-02-06T15:18:54","modified_gmt":"2018-02-06T17:18:54","slug":"pf-faz-operacao-para-deter-seita-envolvida-com-trabalho-escravo-e-estelionato","status":"publish","type":"post","link":"https:\/\/diarioregionaldigital.com.br\/?p=91301","title":{"rendered":"PF faz opera\u00e7\u00e3o para deter seita envolvida com trabalho escravo e estelionato"},"content":{"rendered":"<p>A Pol\u00edcia Federal (PF) deflagrou hoje (6) a Opera\u00e7\u00e3o Cana\u00e3 &#8211; A Colheita Final, que investiga o envolvimento de uma seita religiosa em crimes como trabalho escravo, tr\u00e1fico de pessoas, lavagem de dinheiro e estelionato. O grupo \u00e9 suspeito de atuar em munic\u00edpios de S\u00e3o Paulo, Bahia e Minas Gerais. Nesses tr\u00eas estados, 220 agentes cumprem 22 mandados de pris\u00e3o preventiva, 17 de interdi\u00e7\u00e3o de estabelecimento comercial e 42 de busca e apreens\u00e3o \u2013 todos expedidos pela 4\u00aa Vara Federal em Belo Horizonte.<\/p>\n<p>De acordo com a PF, os investigados cooptaram pessoas na capital paulista para que doassem im\u00f3veis e ve\u00edculos de luxo. Em nota, a PF informa que, depois de devidamente doutrinados, os novos fi\u00e9is eram levados para zonas rurais e urbanas em Minas Gerais (Contagem, Betim, Andrel\u00e2ndia, Minduri, Madre de Deus, S\u00e3o Vicente de Minas, Pouso Alegre e Po\u00e7os de Caldas), na Bahia (Ibotirama, Luiz Eduardo Magalh\u00e3es, Wanderley e Barra) e em S\u00e3o Paulo (capital). Ao chegar a esses locais, eram explorados, sendo for\u00e7ados a trabalhar em lavouras e estabelecimentos comerciais, como oficinas mec\u00e2nicas, postos de gasolina, pastelarias e confec\u00e7\u00f5es, sem descanso e remunera\u00e7\u00e3o. Segundo a PF, o grupo criminoso j\u00e1 expandia sua a\u00e7\u00e3o para o estado do Tocantins.<\/p>\n<p>A investiga\u00e7\u00e3o, cujo nome \u00e9 uma refer\u00eancia b\u00edblica \u00e0 terra prometida, come\u00e7ou em 2011, quando a seita estava migrando de S\u00e3o Paulo para Minas Gerais. Em 2013, foi deflagrada a Opera\u00e7\u00e3o Cana\u00e3, com foco em inspe\u00e7\u00f5es em propriedades rurais e algumas empresas urbanas. A etapa foi sucedida pela etapa De Volta para Cana\u00e3, em 2015, que resultou na pris\u00e3o tempor\u00e1ria de cinco dos l\u00edderes.<\/p>\n<p>A opera\u00e7\u00e3o de hoje tem o apoio de 55 auditores fiscais do Minist\u00e9rio do Trabalho e do Grupo Especial de Fiscaliza\u00e7\u00e3o M\u00f3vel da pasta. Se condenados, os suspeitos poder\u00e3o cumprir at\u00e9 42 anos de pris\u00e3o.<\/p>\n<p>Fonte: Ag\u00eancia Brasil<\/p>\n","protected":false},"excerpt":{"rendered":"<p>A Pol\u00edcia Federal (PF) deflagrou hoje (6) a Opera\u00e7\u00e3o Cana\u00e3 &#8211; A Colheita Final, que investiga o envolvimento de uma seita religiosa em crimes como trabalho escravo, tr\u00e1fico de pessoas, lavagem de dinheiro e estelionato. O grupo \u00e9 suspeito de atuar em munic\u00edpios de S\u00e3o Paulo, Bahia e Minas Gerais. Nesses tr\u00eas estados, 220 agentes [&hellip;]<\/p>\n","protected":false},"author":96,"featured_media":91300,"comment_status":"closed","ping_status":"closed","sticky":false,"template":"","format":"standard","meta":{"footnotes":""},"categories":[302],"tags":[],"class_list":["post-91301","post","type-post","status-publish","format-standard","has-post-thumbnail","hentry","category-brasil-mundo"],"_links":{"self":[{"href":"https:\/\/diarioregionaldigital.com.br\/index.php?rest_route=\/wp\/v2\/posts\/91301","targetHints":{"allow":["GET"]}}],"collection":[{"href":"https:\/\/diarioregionaldigital.com.br\/index.php?rest_route=\/wp\/v2\/posts"}],"about":[{"href":"https:\/\/diarioregionaldigital.com.br\/index.php?rest_route=\/wp\/v2\/types\/post"}],"author":[{"embeddable":true,"href":"https:\/\/diarioregionaldigital.com.br\/index.php?rest_route=\/wp\/v2\/users\/96"}],"replies":[{"embeddable":true,"href":"https:\/\/diarioregionaldigital.com.br\/index.php?rest_route=%2Fwp%2Fv2%2Fcomments&post=91301"}],"version-history":[{"count":0,"href":"https:\/\/diarioregionaldigital.com.br\/index.php?rest_route=\/wp\/v2\/posts\/91301\/revisions"}],"wp:featuredmedia":[{"embeddable":true,"href":"https:\/\/diarioregionaldigital.com.br\/index.php?rest_route=\/wp\/v2\/media\/91300"}],"wp:attachment":[{"href":"https:\/\/diarioregionaldigital.com.br\/index.php?rest_route=%2Fwp%2Fv2%2Fmedia&parent=91301"}],"wp:term":[{"taxonomy":"category","embeddable":true,"href":"https:\/\/diarioregionaldigital.com.br\/index.php?rest_route=%2Fwp%2Fv2%2Fcategories&post=91301"},{"taxonomy":"post_tag","embeddable":true,"href":"https:\/\/diarioregionaldigital.com.br\/index.php?rest_route=%2Fwp%2Fv2%2Ftags&post=91301"}],"curies":[{"name":"wp","href":"https:\/\/api.w.org\/{rel}","templated":true}]}}