{"id":91293,"date":"2018-02-06T12:00:12","date_gmt":"2018-02-06T14:00:12","guid":{"rendered":"http:\/\/diarioregionaljf.com.br\/2018\/02\/06\/adolescente-e-roubada-e-agredida-por-assaltante-no-barbosa-lage\/"},"modified":"2018-02-06T12:00:12","modified_gmt":"2018-02-06T14:00:12","slug":"adolescente-e-roubada-e-agredida-por-assaltante-no-barbosa-lage","status":"publish","type":"post","link":"https:\/\/diarioregionaldigital.com.br\/?p=91293","title":{"rendered":"Adolescente \u00e9 roubada e agredida por assaltante no Barbosa Lage"},"content":{"rendered":"<p>Uma adolescente de 14 anos foi v\u00edtima de um assalto na noite desta segunda-feira, 5, no bairro Barbosa Lage, zona Norte.<\/p>\n<p>De acordo com a Pol\u00edcia Militar (PM), a v\u00edtima e uma amiga, de 12 anos, encontravam-se em uma pra\u00e7a, localizada na Rua Engenheiro Hugo Vocurca Filho, quando foram abordadas por um indiv\u00edduo que anunciou o assalto.<\/p>\n<p>O autor abordou as adolescentes de forma repentina e roubou o celular da v\u00edtima de 14 anos, fugindo logo em seguida. A garota seguiu o autor at\u00e9 a Rua Eduardino Longo, onde se deparou com um ve\u00edculo Fiat Uno que aguardava o assaltante para fugir.<\/p>\n<p>A adolescente ainda alcan\u00e7ou o indiv\u00edduo e ao tentar resgatar seu celular foi agredida com um chute na barriga. O autor conseguiu fugir.<\/p>\n<p>A PM realizou buscas pela regi\u00e3o, entretanto n\u00e3o encontrou nenhum suspeito.<\/p>\n","protected":false},"excerpt":{"rendered":"<p>Uma adolescente de 14 anos foi v\u00edtima de um assalto na noite desta segunda-feira, 5, no bairro Barbosa Lage, zona Norte. De acordo com a Pol\u00edcia Militar (PM), a v\u00edtima e uma amiga, de 12 anos, encontravam-se em uma pra\u00e7a, localizada na Rua Engenheiro Hugo Vocurca Filho, quando foram abordadas por um indiv\u00edduo que anunciou [&hellip;]<\/p>\n","protected":false},"author":96,"featured_media":91292,"comment_status":"closed","ping_status":"closed","sticky":false,"template":"","format":"standard","meta":{"footnotes":""},"categories":[301],"tags":[],"class_list":["post-91293","post","type-post","status-publish","format-standard","has-post-thumbnail","hentry","category-artigos-policiais"],"_links":{"self":[{"href":"https:\/\/diarioregionaldigital.com.br\/index.php?rest_route=\/wp\/v2\/posts\/91293","targetHints":{"allow":["GET"]}}],"collection":[{"href":"https:\/\/diarioregionaldigital.com.br\/index.php?rest_route=\/wp\/v2\/posts"}],"about":[{"href":"https:\/\/diarioregionaldigital.com.br\/index.php?rest_route=\/wp\/v2\/types\/post"}],"author":[{"embeddable":true,"href":"https:\/\/diarioregionaldigital.com.br\/index.php?rest_route=\/wp\/v2\/users\/96"}],"replies":[{"embeddable":true,"href":"https:\/\/diarioregionaldigital.com.br\/index.php?rest_route=%2Fwp%2Fv2%2Fcomments&post=91293"}],"version-history":[{"count":0,"href":"https:\/\/diarioregionaldigital.com.br\/index.php?rest_route=\/wp\/v2\/posts\/91293\/revisions"}],"wp:featuredmedia":[{"embeddable":true,"href":"https:\/\/diarioregionaldigital.com.br\/index.php?rest_route=\/wp\/v2\/media\/91292"}],"wp:attachment":[{"href":"https:\/\/diarioregionaldigital.com.br\/index.php?rest_route=%2Fwp%2Fv2%2Fmedia&parent=91293"}],"wp:term":[{"taxonomy":"category","embeddable":true,"href":"https:\/\/diarioregionaldigital.com.br\/index.php?rest_route=%2Fwp%2Fv2%2Fcategories&post=91293"},{"taxonomy":"post_tag","embeddable":true,"href":"https:\/\/diarioregionaldigital.com.br\/index.php?rest_route=%2Fwp%2Fv2%2Ftags&post=91293"}],"curies":[{"name":"wp","href":"https:\/\/api.w.org\/{rel}","templated":true}]}}