{"id":91291,"date":"2018-02-06T11:41:36","date_gmt":"2018-02-06T13:41:36","guid":{"rendered":"http:\/\/diarioregionaljf.com.br\/2018\/02\/06\/homem-e-agredido-e-assaltado-por-individuos-em-um-carro-no-costa-carvalho\/"},"modified":"2018-02-06T11:41:36","modified_gmt":"2018-02-06T13:41:36","slug":"homem-e-agredido-e-assaltado-por-individuos-em-um-carro-no-costa-carvalho","status":"publish","type":"post","link":"https:\/\/diarioregionaldigital.com.br\/?p=91291","title":{"rendered":"Homem \u00e9 agredido e assaltado por indiv\u00edduos em um carro no Costa Carvalho"},"content":{"rendered":"<p>Um homem de 45 anos foi agredido e assaltado na tarde desta segunda-feira, 5, no bairro Costa Carvalho, zona Leste.<\/p>\n<p>Segundo informa\u00e7\u00f5es da Pol\u00edcia Militar (PM), o homem passava pela Rua S\u00e3o Geraldo, carregando uma bateria de carro nas m\u00e3os, quando foi abordado por tr\u00eas indiv\u00edduos que se aproximaram em um ve\u00edculo VW Gol.<\/p>\n<p>Os autores chegaram at\u00e9 o homem, o puxaram pela camisa e o agrediram com dois socos no rosto. Ap\u00f3s a a\u00e7\u00e3o, roubaram a bateria de carro que ele carregava e fugiram.<\/p>\n<p>A v\u00edtima compareceu a companhia de pol\u00edcia de Benfica e registrou o caso. Ele explicou que n\u00e3o conseguiu identificar os assaltantes devido \u00e0 rapidez com que o crime foi realizado.<\/p>\n<p>Nenhum suspeito foi identificado.<\/p>\n","protected":false},"excerpt":{"rendered":"<p>Um homem de 45 anos foi agredido e assaltado na tarde desta segunda-feira, 5, no bairro Costa Carvalho, zona Leste. Segundo informa\u00e7\u00f5es da Pol\u00edcia Militar (PM), o homem passava pela Rua S\u00e3o Geraldo, carregando uma bateria de carro nas m\u00e3os, quando foi abordado por tr\u00eas indiv\u00edduos que se aproximaram em um ve\u00edculo VW Gol. Os [&hellip;]<\/p>\n","protected":false},"author":96,"featured_media":91290,"comment_status":"closed","ping_status":"closed","sticky":false,"template":"","format":"standard","meta":{"footnotes":""},"categories":[301],"tags":[],"class_list":["post-91291","post","type-post","status-publish","format-standard","has-post-thumbnail","hentry","category-artigos-policiais"],"_links":{"self":[{"href":"https:\/\/diarioregionaldigital.com.br\/index.php?rest_route=\/wp\/v2\/posts\/91291","targetHints":{"allow":["GET"]}}],"collection":[{"href":"https:\/\/diarioregionaldigital.com.br\/index.php?rest_route=\/wp\/v2\/posts"}],"about":[{"href":"https:\/\/diarioregionaldigital.com.br\/index.php?rest_route=\/wp\/v2\/types\/post"}],"author":[{"embeddable":true,"href":"https:\/\/diarioregionaldigital.com.br\/index.php?rest_route=\/wp\/v2\/users\/96"}],"replies":[{"embeddable":true,"href":"https:\/\/diarioregionaldigital.com.br\/index.php?rest_route=%2Fwp%2Fv2%2Fcomments&post=91291"}],"version-history":[{"count":0,"href":"https:\/\/diarioregionaldigital.com.br\/index.php?rest_route=\/wp\/v2\/posts\/91291\/revisions"}],"wp:featuredmedia":[{"embeddable":true,"href":"https:\/\/diarioregionaldigital.com.br\/index.php?rest_route=\/wp\/v2\/media\/91290"}],"wp:attachment":[{"href":"https:\/\/diarioregionaldigital.com.br\/index.php?rest_route=%2Fwp%2Fv2%2Fmedia&parent=91291"}],"wp:term":[{"taxonomy":"category","embeddable":true,"href":"https:\/\/diarioregionaldigital.com.br\/index.php?rest_route=%2Fwp%2Fv2%2Fcategories&post=91291"},{"taxonomy":"post_tag","embeddable":true,"href":"https:\/\/diarioregionaldigital.com.br\/index.php?rest_route=%2Fwp%2Fv2%2Ftags&post=91291"}],"curies":[{"name":"wp","href":"https:\/\/api.w.org\/{rel}","templated":true}]}}