{"id":91289,"date":"2018-02-06T11:21:32","date_gmt":"2018-02-06T13:21:32","guid":{"rendered":"http:\/\/diarioregionaljf.com.br\/2018\/02\/06\/apos-denuncia-anonima-pm-localiza-grupo-envolvido-com-trafico-de-drogas-na-zona-norte\/"},"modified":"2018-02-06T11:21:32","modified_gmt":"2018-02-06T13:21:32","slug":"apos-denuncia-anonima-pm-localiza-grupo-envolvido-com-trafico-de-drogas-na-zona-norte","status":"publish","type":"post","link":"https:\/\/diarioregionaldigital.com.br\/?p=91289","title":{"rendered":"Ap\u00f3s den\u00fancia an\u00f4nima, PM localiza grupo envolvido com tr\u00e1fico de drogas na zona Norte"},"content":{"rendered":"<p>Dois jovens foram presos e um menor apreendido por tr\u00e1fico de drogas no bairro Santa Cruz, localizado na zona Norte da cidade. A a\u00e7\u00e3o ocorreu na tarde desta segunda-feira, 5.<\/p>\n<p>De acordo com o registro de ocorr\u00eancias da Pol\u00edcia Militar (PM), ap\u00f3s receberem informa\u00e7\u00f5es via disque den\u00fancia, relativas a tr\u00e1fico de drogas, uma guarni\u00e7\u00e3o se deslocou at\u00e9 o bairro a fim de averiguar o caso.<\/p>\n<p>Ao chegarem a Rua A, os policiais visualizaram um jovem escondendo uma mochila em cima do telhado de uma resid\u00eancia. Ele foi abordado e dentro da mochila foram encontrados aproximadamente quatro quilos de maconha e uma balan\u00e7a de precis\u00e3o.<\/p>\n<p>O telhado onde o indiv\u00edduo tentava esconder as drogas era de sua resid\u00eancia. A PM entrou no local, com autoriza\u00e7\u00e3o, e no interior encontrou outros dois indiv\u00edduos.<\/p>\n<p>Em buscas pela casa foram localizadas uma faca e materiais para embalar drogas.<\/p>\n<p>A Ronda Ostensiva com C\u00e3es (ROCCA) foi acionada a fim de buscar mais drogas pelo local, entretanto nada foi encontrado.<\/p>\n<p>Os dois jovens de 21 anos foram presos e o menor, de 17 anos, apreendido. Todos foram levados para a delegacia de pol\u00edcia judici\u00e1ria.<\/p>\n<p>O material foi apreendido e tamb\u00e9m levado para a delegacia.<\/p>\n","protected":false},"excerpt":{"rendered":"<p>Dois jovens foram presos e um menor apreendido por tr\u00e1fico de drogas no bairro Santa Cruz, localizado na zona Norte da cidade. A a\u00e7\u00e3o ocorreu na tarde desta segunda-feira, 5. De acordo com o registro de ocorr\u00eancias da Pol\u00edcia Militar (PM), ap\u00f3s receberem informa\u00e7\u00f5es via disque den\u00fancia, relativas a tr\u00e1fico de drogas, uma guarni\u00e7\u00e3o se [&hellip;]<\/p>\n","protected":false},"author":96,"featured_media":91288,"comment_status":"closed","ping_status":"closed","sticky":false,"template":"","format":"standard","meta":{"footnotes":""},"categories":[301],"tags":[],"class_list":["post-91289","post","type-post","status-publish","format-standard","has-post-thumbnail","hentry","category-artigos-policiais"],"_links":{"self":[{"href":"https:\/\/diarioregionaldigital.com.br\/index.php?rest_route=\/wp\/v2\/posts\/91289","targetHints":{"allow":["GET"]}}],"collection":[{"href":"https:\/\/diarioregionaldigital.com.br\/index.php?rest_route=\/wp\/v2\/posts"}],"about":[{"href":"https:\/\/diarioregionaldigital.com.br\/index.php?rest_route=\/wp\/v2\/types\/post"}],"author":[{"embeddable":true,"href":"https:\/\/diarioregionaldigital.com.br\/index.php?rest_route=\/wp\/v2\/users\/96"}],"replies":[{"embeddable":true,"href":"https:\/\/diarioregionaldigital.com.br\/index.php?rest_route=%2Fwp%2Fv2%2Fcomments&post=91289"}],"version-history":[{"count":0,"href":"https:\/\/diarioregionaldigital.com.br\/index.php?rest_route=\/wp\/v2\/posts\/91289\/revisions"}],"wp:featuredmedia":[{"embeddable":true,"href":"https:\/\/diarioregionaldigital.com.br\/index.php?rest_route=\/wp\/v2\/media\/91288"}],"wp:attachment":[{"href":"https:\/\/diarioregionaldigital.com.br\/index.php?rest_route=%2Fwp%2Fv2%2Fmedia&parent=91289"}],"wp:term":[{"taxonomy":"category","embeddable":true,"href":"https:\/\/diarioregionaldigital.com.br\/index.php?rest_route=%2Fwp%2Fv2%2Fcategories&post=91289"},{"taxonomy":"post_tag","embeddable":true,"href":"https:\/\/diarioregionaldigital.com.br\/index.php?rest_route=%2Fwp%2Fv2%2Ftags&post=91289"}],"curies":[{"name":"wp","href":"https:\/\/api.w.org\/{rel}","templated":true}]}}