{"id":91285,"date":"2018-02-06T00:38:06","date_gmt":"2018-02-06T02:38:06","guid":{"rendered":"http:\/\/diarioregionaljf.com.br\/2018\/02\/06\/sel-abre-inscricoes-para-participacao-de-equipes-no-ranking-2018\/"},"modified":"2018-02-06T00:38:06","modified_gmt":"2018-02-06T02:38:06","slug":"sel-abre-inscricoes-para-participacao-de-equipes-no-ranking-2018","status":"publish","type":"post","link":"https:\/\/diarioregionaldigital.com.br\/?p=91285","title":{"rendered":"SEL abre inscri\u00e7\u00f5es para participa\u00e7\u00e3o de equipes no \u201cRanking 2018\u201d"},"content":{"rendered":"<p>As equipes interessadas em participar do \u201cRanking de Corridas de Rua\u201d j\u00e1 podem fazer suas inscri\u00e7\u00f5es para a edi\u00e7\u00e3o 2018 da competi\u00e7\u00e3o na sede da Secretaria de Esporte e Lazer (SEL), da Prefeitura de Juiz de Fora (PJF), na Avenida Rui Barbosa, 530, Bairro Santa Terezinha, de segunda a sexta-feira, de 8 horas \u00e0s 11h30 e 14 horas \u00e0s 17h30.<\/p>\n<p> Para participar, as institui\u00e7\u00f5es devem seguir os crit\u00e9rios de inscri\u00e7\u00e3o, que determinam entre cinco e 15 atletas por equipe, com m\u00e1ximo de 30 pontos, somados todos os participantes, de acordo com o \u201cRanking 2017\u201d.<\/p>\n<p> As inscri\u00e7\u00f5es poder\u00e3o ser feitas at\u00e9 a terceira etapa do ranking, em 15 de abril, com a \u201c3\u00aa Corrida Correndo Contra as Drogas\/PJF\u201d, mas as equipes que pretendem participar j\u00e1 na primeira etapa dever\u00e3o se inscrever at\u00e9 21 de fevereiro, tendo em vista que a \u201c2\u00aa Corrida do Laborat\u00f3rio C\u00f4rtes Villela\/PJF\u201d acontecer\u00e1 no domingo seguinte, dia 25.<\/p>\n<p> Informa\u00e7\u00f5es sobre inscri\u00e7\u00f5es individuais de PCDs (pessoas com defici\u00eancia) podem ser obtidas&nbsp; na Secretaria de Esporte e Lazer.<\/p>\n<p> O \u201cRanking Prefeitura de Juiz de Fora de Corridas de Rua\u201d, coordenado pela SEL, atrav\u00e9s do Departamento de Inicia\u00e7\u00e3o, Forma\u00e7\u00e3o e Rendimento Esportivo, tem o intuito de organizar, padronizar e desenvolver as estruturas e o n\u00edvel t\u00e9cnico das corridas na cidade. Possibilita, tamb\u00e9m, a pr\u00e1tica desportiva como instrumento de forma\u00e7\u00e3o cidad\u00e3 e inclus\u00e3o social, al\u00e9m de divulgar, incentivar e conscientizar sobre a import\u00e2ncia da pr\u00e1tica da atividade f\u00edsica, possibilitando o surgimento de novos atletas.<\/p>\n<p> Outras informa\u00e7\u00f5es sobre inscri\u00e7\u00f5es de equipes ligue: 3690-7845.<\/p>\n","protected":false},"excerpt":{"rendered":"<p>As equipes interessadas em participar do \u201cRanking de Corridas de Rua\u201d j\u00e1 podem fazer suas inscri\u00e7\u00f5es para a edi\u00e7\u00e3o 2018 da competi\u00e7\u00e3o na sede da Secretaria de Esporte e Lazer (SEL), da Prefeitura de Juiz de Fora (PJF), na Avenida Rui Barbosa, 530, Bairro Santa Terezinha, de segunda a sexta-feira, de 8 horas \u00e0s 11h30 [&hellip;]<\/p>\n","protected":false},"author":96,"featured_media":91284,"comment_status":"closed","ping_status":"closed","sticky":false,"template":"","format":"standard","meta":{"footnotes":""},"categories":[257],"tags":[],"class_list":["post-91285","post","type-post","status-publish","format-standard","has-post-thumbnail","hentry","category-esporte"],"_links":{"self":[{"href":"https:\/\/diarioregionaldigital.com.br\/index.php?rest_route=\/wp\/v2\/posts\/91285","targetHints":{"allow":["GET"]}}],"collection":[{"href":"https:\/\/diarioregionaldigital.com.br\/index.php?rest_route=\/wp\/v2\/posts"}],"about":[{"href":"https:\/\/diarioregionaldigital.com.br\/index.php?rest_route=\/wp\/v2\/types\/post"}],"author":[{"embeddable":true,"href":"https:\/\/diarioregionaldigital.com.br\/index.php?rest_route=\/wp\/v2\/users\/96"}],"replies":[{"embeddable":true,"href":"https:\/\/diarioregionaldigital.com.br\/index.php?rest_route=%2Fwp%2Fv2%2Fcomments&post=91285"}],"version-history":[{"count":0,"href":"https:\/\/diarioregionaldigital.com.br\/index.php?rest_route=\/wp\/v2\/posts\/91285\/revisions"}],"wp:featuredmedia":[{"embeddable":true,"href":"https:\/\/diarioregionaldigital.com.br\/index.php?rest_route=\/wp\/v2\/media\/91284"}],"wp:attachment":[{"href":"https:\/\/diarioregionaldigital.com.br\/index.php?rest_route=%2Fwp%2Fv2%2Fmedia&parent=91285"}],"wp:term":[{"taxonomy":"category","embeddable":true,"href":"https:\/\/diarioregionaldigital.com.br\/index.php?rest_route=%2Fwp%2Fv2%2Fcategories&post=91285"},{"taxonomy":"post_tag","embeddable":true,"href":"https:\/\/diarioregionaldigital.com.br\/index.php?rest_route=%2Fwp%2Fv2%2Ftags&post=91285"}],"curies":[{"name":"wp","href":"https:\/\/api.w.org\/{rel}","templated":true}]}}