{"id":91283,"date":"2018-02-06T00:36:23","date_gmt":"2018-02-06T02:36:23","guid":{"rendered":"http:\/\/diarioregionaljf.com.br\/2018\/02\/06\/atleta-do-cria-ufjf-conquista-vaga-na-selecao-brasileira-de-atletismo\/"},"modified":"2018-02-06T00:36:23","modified_gmt":"2018-02-06T02:36:23","slug":"atleta-do-cria-ufjf-conquista-vaga-na-selecao-brasileira-de-atletismo","status":"publish","type":"post","link":"https:\/\/diarioregionaldigital.com.br\/?p=91283","title":{"rendered":"Atleta do Cria\/UFJF conquista vaga na sele\u00e7\u00e3o Brasileira de atletismo"},"content":{"rendered":"<p>Come\u00e7ando a temporada de competi\u00e7\u00f5es com chave de ouro, os mineiros abriram o ano de 2018 com o p\u00e9 direito na Copa Brasil de Cross Country, realizada neste domingo, 4, e disputada num circuito de 2km, na cidade de Bragan\u00e7a Paulista, interior de S\u00e3o Paulo.<\/p>\n<p>Diversos atletas juiz-foranos, principalmente do projeto CRIA Atletismo da Faefid-UFJF, brilharam na&nbsp;Copa Brasil Caixa de Cross Country, promovida pela Confedera\u00e7\u00e3o Brasileira de Atletismo. A competi\u00e7\u00e3o serviu como&nbsp;seletiva para a Copa Pan-americana de Cross Country, programada para El Salvador (Am\u00e9rica Central), em 16 de fevereiro.<\/p>\n<p>No masculino, Francisco Verissimo Perrout Lima (UFJF) venceu os 8 km, com o tempo de 27:17. Aos 18 anos, ele tamb\u00e9m se mostrou muito feliz por ter assegurado a vaga na Sele\u00e7\u00e3o Brasileira. \u201cParticipei de competi\u00e7\u00f5es escolares, mas pela CBAt ser\u00e1 minha primeira sele\u00e7\u00e3o,\u201d comemorou Francisco, que acabou de passar por um est\u00e1gio de um m\u00eas de treinamento na cidade de Iten, no Qu\u00eania. \u201cMeu pai \u00e9 o meu t\u00e9cnico e ele foi conhecer os m\u00e9todos de prepara\u00e7\u00e3o de l\u00e1\u201d, disse, referindo-se a Jorge Perrout, da Universidade Federal de Juiz de Fora.<\/p>\n<p>Integrante do&nbsp;Mundial de atletismo Escolar, na Turquia, em 2016, e com uma s\u00e9rie de t\u00edtulos nacionais importantes, o jovem atleta est\u00e1 satisfeito por poder representar a Sele\u00e7\u00e3o Brasileira numa disputa oficial. \u201cParticipei de competi\u00e7\u00f5es escolares, mas pela CBAt (Confedera\u00e7\u00e3o Brasileira de Atletismo) ser\u00e1 minha primeira sele\u00e7\u00e3o. Eu me sinto emocionado! Quando olho para tr\u00e1s e vejo como comecei \u2013 7 anos atr\u00e1s \u2013, percebo tudo o que passei e onde cheguei. Isso tudo me deixa muito feliz, e mostra que o trabalho est\u00e1 dando certo. Em El Salvador pretendo correr tranquilo e fazer uma boa prova\u201d.<\/p>\n<p><strong>8 km Sub-20<\/strong><\/p>\n<p>1-Francisco Verissimo Perrout Lima (UFJF) \u2013 27:17 &nbsp;<br \/> 2-Evandro da Luz Bandeira (Barra do Gar\u00e7as) \u2013 27:31<br \/> 3-Mario Henrique Alves Brito (Barra do Gar\u00e7as) \u2013 28:24<\/p>\n<p><strong>Cria\/UFJF<\/strong><\/p>\n<p>Ainda por Minas Gerais, o projeto CRIA UFJF terminou a Copa Brasil Cross Country com o 3\u00ba lugar por equipes nos 10km e ainda garantiu outras duas terceiras coloca\u00e7\u00f5es: com a mercesana Amanda Oliveira (Fac. Granbery\/Ed. F\u00edsica \/ Real Merc\u00eas\/ Sicoob\/ NutriMais), nos 10km Adulto (40min26s), e com a juiz-forana&nbsp;Noemi Alves (Apogeu), nos 4km Sub-18 (16min42s). Com esses resultados, o grupo fechou o torneio com a melhor participa\u00e7\u00e3o de sua hist\u00f3ria em competi\u00e7\u00f5es nacionais.<\/p>\n","protected":false},"excerpt":{"rendered":"<p>Come\u00e7ando a temporada de competi\u00e7\u00f5es com chave de ouro, os mineiros abriram o ano de 2018 com o p\u00e9 direito na Copa Brasil de Cross Country, realizada neste domingo, 4, e disputada num circuito de 2km, na cidade de Bragan\u00e7a Paulista, interior de S\u00e3o Paulo. Diversos atletas juiz-foranos, principalmente do projeto CRIA Atletismo da Faefid-UFJF, [&hellip;]<\/p>\n","protected":false},"author":96,"featured_media":91282,"comment_status":"closed","ping_status":"closed","sticky":false,"template":"","format":"standard","meta":{"footnotes":""},"categories":[257],"tags":[],"class_list":["post-91283","post","type-post","status-publish","format-standard","has-post-thumbnail","hentry","category-esporte"],"_links":{"self":[{"href":"https:\/\/diarioregionaldigital.com.br\/index.php?rest_route=\/wp\/v2\/posts\/91283","targetHints":{"allow":["GET"]}}],"collection":[{"href":"https:\/\/diarioregionaldigital.com.br\/index.php?rest_route=\/wp\/v2\/posts"}],"about":[{"href":"https:\/\/diarioregionaldigital.com.br\/index.php?rest_route=\/wp\/v2\/types\/post"}],"author":[{"embeddable":true,"href":"https:\/\/diarioregionaldigital.com.br\/index.php?rest_route=\/wp\/v2\/users\/96"}],"replies":[{"embeddable":true,"href":"https:\/\/diarioregionaldigital.com.br\/index.php?rest_route=%2Fwp%2Fv2%2Fcomments&post=91283"}],"version-history":[{"count":0,"href":"https:\/\/diarioregionaldigital.com.br\/index.php?rest_route=\/wp\/v2\/posts\/91283\/revisions"}],"wp:featuredmedia":[{"embeddable":true,"href":"https:\/\/diarioregionaldigital.com.br\/index.php?rest_route=\/wp\/v2\/media\/91282"}],"wp:attachment":[{"href":"https:\/\/diarioregionaldigital.com.br\/index.php?rest_route=%2Fwp%2Fv2%2Fmedia&parent=91283"}],"wp:term":[{"taxonomy":"category","embeddable":true,"href":"https:\/\/diarioregionaldigital.com.br\/index.php?rest_route=%2Fwp%2Fv2%2Fcategories&post=91283"},{"taxonomy":"post_tag","embeddable":true,"href":"https:\/\/diarioregionaldigital.com.br\/index.php?rest_route=%2Fwp%2Fv2%2Ftags&post=91283"}],"curies":[{"name":"wp","href":"https:\/\/api.w.org\/{rel}","templated":true}]}}