{"id":91279,"date":"2018-02-05T22:02:32","date_gmt":"2018-02-06T00:02:32","guid":{"rendered":"http:\/\/diarioregionaljf.com.br\/2018\/02\/05\/sttrjf\/"},"modified":"2018-08-13T20:35:19","modified_gmt":"2018-08-13T23:35:19","slug":"sttrjf","status":"publish","type":"post","link":"https:\/\/diarioregionaldigital.com.br\/?p=91279","title":{"rendered":"STTRJF"},"content":{"rendered":"<p><span class=\"h3 h6\">EDITAL DE CONVOCA\u00c7\u00c3O<\/span> \u2013 Pelo presente edital de Convoca\u00e7\u00e3o, o Sindicato dos Trabalhadores em Transportes Rodovi\u00e1rios de Juiz de Fora e Regi\u00e3o, com sede e foro na Avenida Marechal Floriano Peixoto, n\u00ba. 526 \/ 501, Centro, CEP.: 36.015.440, Juiz de Fora \u2013 MG, legalmente assentado no Cadastro Nacional das Entidades Sindicais do MTE, com base territorial nos munic\u00edpios de Astolfo Dutra, Belmiro Braga, Bicas, Bom Jardim de Minas, Descoberto, Ewbanck da C\u00e2mara, Goian\u00e1, Guarani, Guarar\u00e1, Guidoval, Juiz de Fora, Lima Duarte, Mar de Espanha, Marip\u00e1 de Minas, Matias Barbosa, Pequeri, Piau, Pira\u00faba, Rio Novo, Rio Pomba, Rochedo de Minas, Rodeiro, Santana do Deserto, Santos Dumont, S\u00e3o Jo\u00e3o Nepomuceno, Sim\u00e3o Pereira, Tabuleiro, Tocantins, Ub\u00e1, todos no Estado de Minas Gerais, na pessoa de seu presidente legal \u201cin fine\u201d assinado, de acordo com o estatuto social da entidade, convoca todos os participantes das categorias profissionais (ou das categorias econ\u00f4micas) representadas, filiados ou n\u00e3o, para comparecerem \u00e0 Assembl\u00e9ia Geral Extraordin\u00e1ria a ser realizada dia xx\/xx\/2018 \u00e0s xx:xx horas, na sede do Sindicato (endere\u00e7o supramencionado), em primeira convoca\u00e7\u00e3o com 2\/3 da categoria, ou meia hora ap\u00f3s, em segunda convoca\u00e7\u00e3o, com qualquer n\u00famero de presentes, para deliberarem sobre a seguinte ordem do dia : a) leitura, discuss\u00e3o e aprova\u00e7\u00e3o ou n\u00e3o da ata da assembleia anterior; b) concess\u00e3o ou n\u00e3o de autoriza\u00e7\u00e3o previa e expressa dos participantes das categorias profissionais representadas para o desconto da contribui\u00e7\u00e3o sindical na forma do artigo 578 e seguintes da CLT, com a reda\u00e7\u00e3o da Lei no. 13.467\/2017 e face ao definido pelo Enunciado n\u00ba. 38 da ANAMATRA; c) caso aprovado o \u00edtem \u201cb\u201d, notifica\u00e7\u00e3o aos empregadores e aos respectivos sindicatos da categoria econ\u00f4mica, da autoriza\u00e7\u00e3o concedida. N\u00e3o havendo qu\u00f3rum no hor\u00e1rio estabelecido a assembleia ser\u00e1 realizada no mesmo dia, hor\u00e1rio e local meia hora ap\u00f3s, com qualquer n\u00famero de associados presentes. Juiz de Fora, xx de xxxxxxxxxxx de 2018. (Edno Wilson de Jesus) &#8211; Presidente.<\/p>\n","protected":false},"excerpt":{"rendered":"<p>EDITAL DE CONVOCA\u00c7\u00c3O \u2013 Pelo presente edital de Convoca\u00e7\u00e3o, o Sindicato dos Trabalhadores em Transportes Rodovi\u00e1rios de Juiz de Fora e Regi\u00e3o, com sede e foro na Avenida Marechal Floriano Peixoto, n\u00ba. 526 \/ 501, Centro, CEP.: 36.015.440, Juiz de Fora \u2013 MG, legalmente assentado no Cadastro Nacional das Entidades Sindicais do MTE, com base [&hellip;]<\/p>\n","protected":false},"author":96,"featured_media":0,"comment_status":"closed","ping_status":"closed","sticky":false,"template":"","format":"standard","meta":{"footnotes":""},"categories":[307],"tags":[],"class_list":["post-91279","post","type-post","status-publish","format-standard","hentry","category-editais"],"_links":{"self":[{"href":"https:\/\/diarioregionaldigital.com.br\/index.php?rest_route=\/wp\/v2\/posts\/91279","targetHints":{"allow":["GET"]}}],"collection":[{"href":"https:\/\/diarioregionaldigital.com.br\/index.php?rest_route=\/wp\/v2\/posts"}],"about":[{"href":"https:\/\/diarioregionaldigital.com.br\/index.php?rest_route=\/wp\/v2\/types\/post"}],"author":[{"embeddable":true,"href":"https:\/\/diarioregionaldigital.com.br\/index.php?rest_route=\/wp\/v2\/users\/96"}],"replies":[{"embeddable":true,"href":"https:\/\/diarioregionaldigital.com.br\/index.php?rest_route=%2Fwp%2Fv2%2Fcomments&post=91279"}],"version-history":[{"count":0,"href":"https:\/\/diarioregionaldigital.com.br\/index.php?rest_route=\/wp\/v2\/posts\/91279\/revisions"}],"wp:attachment":[{"href":"https:\/\/diarioregionaldigital.com.br\/index.php?rest_route=%2Fwp%2Fv2%2Fmedia&parent=91279"}],"wp:term":[{"taxonomy":"category","embeddable":true,"href":"https:\/\/diarioregionaldigital.com.br\/index.php?rest_route=%2Fwp%2Fv2%2Fcategories&post=91279"},{"taxonomy":"post_tag","embeddable":true,"href":"https:\/\/diarioregionaldigital.com.br\/index.php?rest_route=%2Fwp%2Fv2%2Ftags&post=91279"}],"curies":[{"name":"wp","href":"https:\/\/api.w.org\/{rel}","templated":true}]}}