{"id":91278,"date":"2018-02-05T22:01:41","date_gmt":"2018-02-06T00:01:41","guid":{"rendered":"http:\/\/diarioregionaljf.com.br\/2018\/02\/05\/tabuleiro-06-02-18\/"},"modified":"2018-08-13T20:35:19","modified_gmt":"2018-08-13T23:35:19","slug":"tabuleiro-06-02-18","status":"publish","type":"post","link":"https:\/\/diarioregionaldigital.com.br\/?p=91278","title":{"rendered":"Tabuleiro 06\/02\/18"},"content":{"rendered":"<p style=\"text-align: center;\"><span class=\"h4\">EXTRATO PARA PUBLICA\u00c7\u00c3O<\/span><br \/>O Prefeito Municipal de Tocantins torna p\u00fablico que ratificou o processo n\u00ba 015\/2018, inexigibilidade de Licita\u00e7\u00e3o n\u00ba 001\/2018, que teve como objeto a contrata\u00e7\u00e3o direta da Banda Lira Tocantinense, CNPJ n\u00ba 20.352.944\/0001-35, ao valor global de R$ 15.700,00 (quinze mil e setecentos reais), para abrilhantar o evento cultural a ser promovido pela Secretaria Municipal de Educa\u00e7\u00e3o e Cultura denominado &#8220;Carnaval 2018&#8221; que dever\u00e1 acontecer entre os dias 09 a 13 de fevereiro na Pra\u00e7a do Ros\u00e1rio do Munic\u00edpio. O prazo para de vig\u00eancia dos contratos ser\u00e1 at\u00e9 o t\u00e9rmino final das obriga\u00e7\u00f5es contra\u00eddas pelas partes. Tocantins (MG), 05 de fevereiro de 2018.<\/p>\n","protected":false},"excerpt":{"rendered":"<p>EXTRATO PARA PUBLICA\u00c7\u00c3OO Prefeito Municipal de Tocantins torna p\u00fablico que ratificou o processo n\u00ba 015\/2018, inexigibilidade de Licita\u00e7\u00e3o n\u00ba 001\/2018, que teve como objeto a contrata\u00e7\u00e3o direta da Banda Lira Tocantinense, CNPJ n\u00ba 20.352.944\/0001-35, ao valor global de R$ 15.700,00 (quinze mil e setecentos reais), para abrilhantar o evento cultural a ser promovido pela Secretaria [&hellip;]<\/p>\n","protected":false},"author":96,"featured_media":0,"comment_status":"closed","ping_status":"closed","sticky":false,"template":"","format":"standard","meta":{"footnotes":""},"categories":[307],"tags":[],"class_list":["post-91278","post","type-post","status-publish","format-standard","hentry","category-editais"],"_links":{"self":[{"href":"https:\/\/diarioregionaldigital.com.br\/index.php?rest_route=\/wp\/v2\/posts\/91278","targetHints":{"allow":["GET"]}}],"collection":[{"href":"https:\/\/diarioregionaldigital.com.br\/index.php?rest_route=\/wp\/v2\/posts"}],"about":[{"href":"https:\/\/diarioregionaldigital.com.br\/index.php?rest_route=\/wp\/v2\/types\/post"}],"author":[{"embeddable":true,"href":"https:\/\/diarioregionaldigital.com.br\/index.php?rest_route=\/wp\/v2\/users\/96"}],"replies":[{"embeddable":true,"href":"https:\/\/diarioregionaldigital.com.br\/index.php?rest_route=%2Fwp%2Fv2%2Fcomments&post=91278"}],"version-history":[{"count":0,"href":"https:\/\/diarioregionaldigital.com.br\/index.php?rest_route=\/wp\/v2\/posts\/91278\/revisions"}],"wp:attachment":[{"href":"https:\/\/diarioregionaldigital.com.br\/index.php?rest_route=%2Fwp%2Fv2%2Fmedia&parent=91278"}],"wp:term":[{"taxonomy":"category","embeddable":true,"href":"https:\/\/diarioregionaldigital.com.br\/index.php?rest_route=%2Fwp%2Fv2%2Fcategories&post=91278"},{"taxonomy":"post_tag","embeddable":true,"href":"https:\/\/diarioregionaldigital.com.br\/index.php?rest_route=%2Fwp%2Fv2%2Ftags&post=91278"}],"curies":[{"name":"wp","href":"https:\/\/api.w.org\/{rel}","templated":true}]}}