{"id":91275,"date":"2018-02-05T21:58:39","date_gmt":"2018-02-05T23:58:39","guid":{"rendered":"http:\/\/diarioregionaljf.com.br\/2018\/02\/05\/descoberto-06-02-18\/"},"modified":"2018-08-13T20:35:20","modified_gmt":"2018-08-13T23:35:20","slug":"descoberto-06-02-18","status":"publish","type":"post","link":"https:\/\/diarioregionaldigital.com.br\/?p=91275","title":{"rendered":"Descoberto 06\/02\/18"},"content":{"rendered":"<p style=\"text-align: center;\"><span class=\"h4\">EXTRATO DE CONTRATO<\/span><br \/>Pref. Municipal de Descoberto x TJ Rodeios Produ\u00e7\u00f5es e Eventos Ltda &#8211; Objeto: Contrata\u00e7\u00e3o da banda musical \u201cCogumelos\u201d, \u201cGrupo Beleza\u201d, banda \u201cBeijo Apimentado\u201d, banda \u201cMegazone\u201d e \u201cNatalie Mau\u00e1\u201d para realiza\u00e7\u00f5es dos shows art\u00edsticos nos dias 09,10,11 e 13 de fevereiro em pra\u00e7a p\u00fablica, nas festividades carnavalescas do munic\u00edpio de Descoberto\/MG- Fundamento: Inexigibilidade 003\/2018\u2013Valor Global: 64.000,00\u2013 Vig\u00eancia: 17 dias \u2013 Dot or\u00e7: 02.4005.13.392.0015.279.000094-339039\/100- Ass: 31\/01\/2018- Foro: S\u00e3o Jo\u00e3o Nepomuceno\/MG.<\/p>\n<p style=\"text-align: center;\">Marcos de Ara\u00fajo Lima<br \/>Prefeito Municipal<\/p>\n","protected":false},"excerpt":{"rendered":"<p>EXTRATO DE CONTRATOPref. Municipal de Descoberto x TJ Rodeios Produ\u00e7\u00f5es e Eventos Ltda &#8211; Objeto: Contrata\u00e7\u00e3o da banda musical \u201cCogumelos\u201d, \u201cGrupo Beleza\u201d, banda \u201cBeijo Apimentado\u201d, banda \u201cMegazone\u201d e \u201cNatalie Mau\u00e1\u201d para realiza\u00e7\u00f5es dos shows art\u00edsticos nos dias 09,10,11 e 13 de fevereiro em pra\u00e7a p\u00fablica, nas festividades carnavalescas do munic\u00edpio de Descoberto\/MG- Fundamento: Inexigibilidade 003\/2018\u2013Valor [&hellip;]<\/p>\n","protected":false},"author":96,"featured_media":0,"comment_status":"closed","ping_status":"closed","sticky":false,"template":"","format":"standard","meta":{"footnotes":""},"categories":[307],"tags":[],"class_list":["post-91275","post","type-post","status-publish","format-standard","hentry","category-editais"],"_links":{"self":[{"href":"https:\/\/diarioregionaldigital.com.br\/index.php?rest_route=\/wp\/v2\/posts\/91275","targetHints":{"allow":["GET"]}}],"collection":[{"href":"https:\/\/diarioregionaldigital.com.br\/index.php?rest_route=\/wp\/v2\/posts"}],"about":[{"href":"https:\/\/diarioregionaldigital.com.br\/index.php?rest_route=\/wp\/v2\/types\/post"}],"author":[{"embeddable":true,"href":"https:\/\/diarioregionaldigital.com.br\/index.php?rest_route=\/wp\/v2\/users\/96"}],"replies":[{"embeddable":true,"href":"https:\/\/diarioregionaldigital.com.br\/index.php?rest_route=%2Fwp%2Fv2%2Fcomments&post=91275"}],"version-history":[{"count":0,"href":"https:\/\/diarioregionaldigital.com.br\/index.php?rest_route=\/wp\/v2\/posts\/91275\/revisions"}],"wp:attachment":[{"href":"https:\/\/diarioregionaldigital.com.br\/index.php?rest_route=%2Fwp%2Fv2%2Fmedia&parent=91275"}],"wp:term":[{"taxonomy":"category","embeddable":true,"href":"https:\/\/diarioregionaldigital.com.br\/index.php?rest_route=%2Fwp%2Fv2%2Fcategories&post=91275"},{"taxonomy":"post_tag","embeddable":true,"href":"https:\/\/diarioregionaldigital.com.br\/index.php?rest_route=%2Fwp%2Fv2%2Ftags&post=91275"}],"curies":[{"name":"wp","href":"https:\/\/api.w.org\/{rel}","templated":true}]}}