{"id":91273,"date":"2018-02-05T21:55:49","date_gmt":"2018-02-05T23:55:49","guid":{"rendered":"http:\/\/diarioregionaljf.com.br\/2018\/02\/05\/cartorio-benfica-06-02-18\/"},"modified":"2018-08-13T20:35:21","modified_gmt":"2018-08-13T23:35:21","slug":"cartorio-benfica-06-02-18","status":"publish","type":"post","link":"https:\/\/diarioregionaldigital.com.br\/?p=91273","title":{"rendered":"Cart\u00f3rio Benfica 06-02-18"},"content":{"rendered":"<p class=\"h4\" style=\"text-align: justify;\">REP\u00daBLICA FEDERATIVA DO BRASIL ESTADO DE MINAS GERAIS<\/p>\n<p class=\"h4\" style=\"text-align: justify;\">Cart\u00f3rio de Registro Civil 3\u00ba Subdistrito &#8211; Juiz de Fora MG<\/p>\n<p style=\"text-align: justify;\">Oficial Titular: Mariana Sad Albuquerque e Castro<\/p>\n<p>&nbsp;<\/p>\n<p class=\"h4\" style=\"text-align: justify;\">Rua Tom\u00e9 de Souza, 49 &#8211; Lj 03 Benfica<br \/>36090270 &#8211; Juiz de Fora &#8211; MG<\/p>\n<p style=\"text-align: justify;\">Faz saber que pretendem casar-se:<\/p>\n<p style=\"text-align: justify;\">01 \u2013 FABRICIO HENRIQUE DE OLIVEIRA, resid\u00eancia Rua III, Nova Era II, Juiz de Fora-MG; e L\u00c9IA REGINA PIMENTEL, resid\u00eancia Fazenda Babilonia, Area Rural, Vieiras-MG.<\/p>\n<p style=\"text-align: justify;\">Os contraentes apresentaram os documentos exigidos pelo art.1525 do C\u00f3digo Civil Brasileiro. Se algu\u00e9m souber de algum impedimento, que os impe\u00e7am de se casar, que o fa\u00e7a na forma da Lei:<\/p>\n<p class=\"h4\" style=\"text-align: justify;\">Juiz de Fora , 05\/02\/2018<\/p>\n<p class=\"h4\" style=\"text-align: justify;\">MARIANA SAD ALBUQUERQUE E CASTRO<br \/>Oficial do Registro Civil<br \/>Cartosoft &#8211; Automa\u00e7\u00e3o de Cart\u00f3rios do Registro Civil www.cartosoft.com.br<\/p>\n","protected":false},"excerpt":{"rendered":"<p>REP\u00daBLICA FEDERATIVA DO BRASIL ESTADO DE MINAS GERAIS Cart\u00f3rio de Registro Civil 3\u00ba Subdistrito &#8211; Juiz de Fora MG Oficial Titular: Mariana Sad Albuquerque e Castro &nbsp; Rua Tom\u00e9 de Souza, 49 &#8211; Lj 03 Benfica36090270 &#8211; Juiz de Fora &#8211; MG Faz saber que pretendem casar-se: 01 \u2013 FABRICIO HENRIQUE DE OLIVEIRA, resid\u00eancia Rua [&hellip;]<\/p>\n","protected":false},"author":96,"featured_media":0,"comment_status":"closed","ping_status":"closed","sticky":false,"template":"","format":"standard","meta":{"footnotes":""},"categories":[307],"tags":[],"class_list":["post-91273","post","type-post","status-publish","format-standard","hentry","category-editais"],"_links":{"self":[{"href":"https:\/\/diarioregionaldigital.com.br\/index.php?rest_route=\/wp\/v2\/posts\/91273","targetHints":{"allow":["GET"]}}],"collection":[{"href":"https:\/\/diarioregionaldigital.com.br\/index.php?rest_route=\/wp\/v2\/posts"}],"about":[{"href":"https:\/\/diarioregionaldigital.com.br\/index.php?rest_route=\/wp\/v2\/types\/post"}],"author":[{"embeddable":true,"href":"https:\/\/diarioregionaldigital.com.br\/index.php?rest_route=\/wp\/v2\/users\/96"}],"replies":[{"embeddable":true,"href":"https:\/\/diarioregionaldigital.com.br\/index.php?rest_route=%2Fwp%2Fv2%2Fcomments&post=91273"}],"version-history":[{"count":0,"href":"https:\/\/diarioregionaldigital.com.br\/index.php?rest_route=\/wp\/v2\/posts\/91273\/revisions"}],"wp:attachment":[{"href":"https:\/\/diarioregionaldigital.com.br\/index.php?rest_route=%2Fwp%2Fv2%2Fmedia&parent=91273"}],"wp:term":[{"taxonomy":"category","embeddable":true,"href":"https:\/\/diarioregionaldigital.com.br\/index.php?rest_route=%2Fwp%2Fv2%2Fcategories&post=91273"},{"taxonomy":"post_tag","embeddable":true,"href":"https:\/\/diarioregionaldigital.com.br\/index.php?rest_route=%2Fwp%2Fv2%2Ftags&post=91273"}],"curies":[{"name":"wp","href":"https:\/\/api.w.org\/{rel}","templated":true}]}}