{"id":91271,"date":"2018-02-05T21:50:30","date_gmt":"2018-02-05T23:50:30","guid":{"rendered":"http:\/\/diarioregionaljf.com.br\/2018\/02\/05\/arte-gastronomia-e-cultura\/"},"modified":"2018-02-05T21:50:30","modified_gmt":"2018-02-05T23:50:30","slug":"arte-gastronomia-e-cultura","status":"publish","type":"post","link":"https:\/\/diarioregionaldigital.com.br\/?p=91271","title":{"rendered":"Arte, Gastronomia e Cultura"},"content":{"rendered":"<p style=\"text-align: center;\"><span class=\"h4\">Crush com Bandeira<\/span><br \/>A pol\u00edtica virou divisor de \u00e1guas at\u00e9 em aplicativos de paquera. Al\u00e9m da profiss\u00e3o, signo e descri\u00e7\u00e3o do parceiro ideal, o perfil dos candidatos agora traz palavras de ordem como \u201cFoi golpe\u201d e \u201cSe for petista, tchau\u201d. Para usu\u00e1rios e especialistas, \u00e9 um passo natural numa sociedade t\u00e3o polarizada, mas alguns alertam: \u00e9 preciso saber lidar com a diferen\u00e7a. Dado o recado.<\/p>\n<p style=\"text-align: center;\"><span class=\"h4\">Novos voos<\/span><br \/>O estudante do curso de Administra\u00e7\u00e3o da Faculdade Machado Sobrinho, Guido Mendon\u00e7a, juntamente a sua orientadora Joyce Altaf, foi convidado pela Editora Poisson a ser autor de um dos cap\u00edtulos do livro \u201cResponsabilidade Social, Sustentabilidade e Meio Ambiente\u201d. O convite surgiu apois a apresenta\u00e7\u00e3o do artigo \u201cLog\u00edstica Reversa como ferramenta para sustentabilidade: o caso Uni\u00e3o Transporte Ltda\u201d, em um Congresso da USP. O livro dever\u00e1 ser publicado entre fevereiro e mar\u00e7o deste ano.<\/p>\n<p style=\"text-align: center;\"><span class=\"h4\">Arte, Gastronomia e Cultura<\/span><br \/>Localizado no cora\u00e7\u00e3o do Alto dos Passos, o espa\u00e7o do Me Gusta Cultura \u00e9 o \u2018point\u2019 do momento. Trazendo um clima jovem e alto astral para este ver\u00e3o, coloca em seu ambiente a del\u00edcia de um parque de food trucks recheado de v\u00e1rias op\u00e7\u00f5es como bazar, exposi\u00e7\u00f5es art\u00edsticas, m\u00fasica e food trucks.<\/p>\n<p style=\"text-align: center;\"><span class=\"h4\">Dica<\/span><br \/>A \u2018chef\u2019 Ana Paula Esteves, do Oliva Bistr\u00f4 em Ibitipoca, avisa este colunista que no dia 17 de mar\u00e7o, haver\u00e1 l\u00e1, um mix da culin\u00e1ria \u00e1rabe com toque contempor\u00e2neo. Para o festim, foram convidados com suas especiarias \u00e1rabes, Savio Camargos e J\u00fanior Longo, do Mahleb.<\/p>\n<p style=\"text-align: center;\"><span class=\"h4\">Press\u00e3o<\/span><br \/>Olha s\u00f3: em conversa com l\u00edderes da For\u00e7a Sindical, o presidente da C\u00e2mara, Rodrigo Maia, ouviu novos apelos para que haja a vota\u00e7\u00e3o de um novo modelo de financiamento dos sindicatos. No plen\u00e1rio, Maia lembrou, a resist\u00eancia ainda \u00e9 grande.<\/p>\n<p style=\"text-align: center;\"><img decoding=\"async\" class=\" size-full wp-image-91261\" src=\"http:\/\/diarioregionaljf.com.br\/wp-content\/uploads\/2018\/02\/diario-int-23866-1.jpg\" alt=\"fotoa.jpg\" width=\"680\" style=\"display: block; margin-left: auto; margin-right: auto;\" srcset=\"https:\/\/diarioregionaldigital.com.br\/wp-content\/uploads\/2018\/02\/diario-int-23866-1.jpg 680w, https:\/\/diarioregionaldigital.com.br\/wp-content\/uploads\/2018\/02\/diario-int-23866-1-300x199.jpg 300w, https:\/\/diarioregionaldigital.com.br\/wp-content\/uploads\/2018\/02\/diario-int-23866-1-360x238.jpg 360w\" sizes=\"(max-width: 680px) 100vw, 680px\" \/>A debutante Daysyana ladeada pelos empres\u00e1rios do Buffet a Festa \u00e9 Sua, Anderson e Veridiana Martins, e do cerimonialista Talison Vardiero, em foto de Rodrigo Zuddio<\/p>\n<p style=\"text-align: center;\"><img decoding=\"async\" class=\" size-full wp-image-91262\" src=\"http:\/\/diarioregionaljf.com.br\/wp-content\/uploads\/2018\/02\/diario-int-23866-2.jpg\" alt=\"fotob.jpg\" width=\"680\" style=\"display: block; margin-left: auto; margin-right: auto;\" srcset=\"https:\/\/diarioregionaldigital.com.br\/wp-content\/uploads\/2018\/02\/diario-int-23866-2.jpg 680w, https:\/\/diarioregionaldigital.com.br\/wp-content\/uploads\/2018\/02\/diario-int-23866-2-300x243.jpg 300w, https:\/\/diarioregionaldigital.com.br\/wp-content\/uploads\/2018\/02\/diario-int-23866-2-360x291.jpg 360w\" sizes=\"(max-width: 680px) 100vw, 680px\" \/>Um click no bailarino Well Alves, especial para esta coluna on-line. Talento na ponta dos p\u00e9s<\/p>\n<p style=\"text-align: center;\"><img decoding=\"async\" class=\" size-full wp-image-91263\" src=\"http:\/\/diarioregionaljf.com.br\/wp-content\/uploads\/2018\/02\/diario-int-23866-3.jpg\" alt=\"fotoaa.jpg\" width=\"680\" style=\"display: block; margin-left: auto; margin-right: auto;\" srcset=\"https:\/\/diarioregionaldigital.com.br\/wp-content\/uploads\/2018\/02\/diario-int-23866-3.jpg 680w, https:\/\/diarioregionaldigital.com.br\/wp-content\/uploads\/2018\/02\/diario-int-23866-3-300x169.jpg 300w, https:\/\/diarioregionaldigital.com.br\/wp-content\/uploads\/2018\/02\/diario-int-23866-3-360x202.jpg 360w\" sizes=\"(max-width: 680px) 100vw, 680px\" \/>Em seu anivers\u00e1rio no Eldorado, o fot\u00f3grafo Valdir J\u00fanior posou com os lindos Kelly e Henrique Vidal<\/p>\n<p style=\"text-align: center;\"><img decoding=\"async\" class=\" size-full wp-image-91264\" src=\"http:\/\/diarioregionaljf.com.br\/wp-content\/uploads\/2018\/02\/diario-int-23866-4.jpg\" alt=\"fotoc.jpg\" width=\"680\" style=\"display: block; margin-left: auto; margin-right: auto;\" srcset=\"https:\/\/diarioregionaldigital.com.br\/wp-content\/uploads\/2018\/02\/diario-int-23866-4.jpg 680w, https:\/\/diarioregionaldigital.com.br\/wp-content\/uploads\/2018\/02\/diario-int-23866-4-300x200.jpg 300w, https:\/\/diarioregionaldigital.com.br\/wp-content\/uploads\/2018\/02\/diario-int-23866-4-360x240.jpg 360w\" sizes=\"(max-width: 680px) 100vw, 680px\" \/>Gente especial curtindo ver\u00e3o no Me Gusta com Marina Repetto, Gustavo Nery, Carmem Andrade e Cl\u00e1udia Silva<\/p>\n<p style=\"text-align: center;\"><img decoding=\"async\" class=\" size-full wp-image-91265\" src=\"http:\/\/diarioregionaljf.com.br\/wp-content\/uploads\/2018\/02\/diario-int-23866-5.jpg\" alt=\"fotod.jpg\" width=\"680\" style=\"display: block; margin-left: auto; margin-right: auto;\" srcset=\"https:\/\/diarioregionaldigital.com.br\/wp-content\/uploads\/2018\/02\/diario-int-23866-5.jpg 680w, https:\/\/diarioregionaldigital.com.br\/wp-content\/uploads\/2018\/02\/diario-int-23866-5-300x198.jpg 300w, https:\/\/diarioregionaldigital.com.br\/wp-content\/uploads\/2018\/02\/diario-int-23866-5-360x238.jpg 360w\" sizes=\"(max-width: 680px) 100vw, 680px\" \/>Em contagem regressiva para o Baile da Banda Daki, 5\u00aa feira, no Univershow, Rafael Santiago, Eduardo Gomes, Z\u00e9 Kodak, Pedro Halfeld e Beth Ank<\/p>\n<p style=\"text-align: center;\"><img decoding=\"async\" class=\" size-full wp-image-91266\" src=\"http:\/\/diarioregionaljf.com.br\/wp-content\/uploads\/2018\/02\/diario-int-23866-6.jpg\" alt=\"fotoe.jpg\" width=\"680\" style=\"display: block; margin-left: auto; margin-right: auto;\" srcset=\"https:\/\/diarioregionaldigital.com.br\/wp-content\/uploads\/2018\/02\/diario-int-23866-6.jpg 680w, https:\/\/diarioregionaldigital.com.br\/wp-content\/uploads\/2018\/02\/diario-int-23866-6-300x169.jpg 300w, https:\/\/diarioregionaldigital.com.br\/wp-content\/uploads\/2018\/02\/diario-int-23866-6-360x202.jpg 360w\" sizes=\"(max-width: 680px) 100vw, 680px\" \/>No Green Hill no Show de Alcione, os lindos Sarah Costa, Vera Alice Tam&nbsp; e Charlie Tam (aniversariando)<\/p>\n<p style=\"text-align: center;\"><img decoding=\"async\" class=\" size-full wp-image-91267\" src=\"http:\/\/diarioregionaljf.com.br\/wp-content\/uploads\/2018\/02\/diario-int-23866-7.jpg\" alt=\"fotof.jpg\" width=\"680\" style=\"display: block; margin-left: auto; margin-right: auto;\" srcset=\"https:\/\/diarioregionaldigital.com.br\/wp-content\/uploads\/2018\/02\/diario-int-23866-7.jpg 680w, https:\/\/diarioregionaldigital.com.br\/wp-content\/uploads\/2018\/02\/diario-int-23866-7-300x243.jpg 300w, https:\/\/diarioregionaldigital.com.br\/wp-content\/uploads\/2018\/02\/diario-int-23866-7-360x291.jpg 360w\" sizes=\"(max-width: 680px) 100vw, 680px\" \/>Rainha do \u201cBloco do Edu\u201d, a linda estrelinha Priscilla Bonsanto<\/p>\n<p style=\"text-align: center;\"><img decoding=\"async\" class=\" size-full wp-image-91268\" src=\"http:\/\/diarioregionaljf.com.br\/wp-content\/uploads\/2018\/02\/diario-int-23866-8.jpg\" alt=\"fotoh.jpg\" width=\"680\" style=\"display: block; margin-left: auto; margin-right: auto;\" srcset=\"https:\/\/diarioregionaldigital.com.br\/wp-content\/uploads\/2018\/02\/diario-int-23866-8.jpg 680w, https:\/\/diarioregionaldigital.com.br\/wp-content\/uploads\/2018\/02\/diario-int-23866-8-300x199.jpg 300w, https:\/\/diarioregionaldigital.com.br\/wp-content\/uploads\/2018\/02\/diario-int-23866-8-360x238.jpg 360w\" sizes=\"(max-width: 680px) 100vw, 680px\" \/>Em cena social, a m\u00e9dica Alice Amaral e o artista pl\u00e1stico Ricardo Barcellos<\/p>\n<p style=\"text-align: center;\"><img decoding=\"async\" class=\" size-full wp-image-91269\" src=\"http:\/\/diarioregionaljf.com.br\/wp-content\/uploads\/2018\/02\/diario-int-23866-9.jpg\" alt=\"fotoi.jpg\" width=\"680\" style=\"display: block; margin-left: auto; margin-right: auto;\" srcset=\"https:\/\/diarioregionaldigital.com.br\/wp-content\/uploads\/2018\/02\/diario-int-23866-9.jpg 680w, https:\/\/diarioregionaldigital.com.br\/wp-content\/uploads\/2018\/02\/diario-int-23866-9-300x199.jpg 300w, https:\/\/diarioregionaldigital.com.br\/wp-content\/uploads\/2018\/02\/diario-int-23866-9-360x238.jpg 360w\" sizes=\"(max-width: 680px) 100vw, 680px\" \/>Na fervilhante Danceteria Danke Club, V\u00e2nia Salles, Moys\u00e9s Machado Veriato, Adauto Venturi e Renata Hirschberg<\/p>\n<p style=\"text-align: center;\"><img decoding=\"async\" class=\" size-full wp-image-91270\" src=\"http:\/\/diarioregionaljf.com.br\/wp-content\/uploads\/2018\/02\/diario-int-23866-10.jpg\" alt=\"fotoj.jpg\" width=\"680\" style=\"display: block; margin-left: auto; margin-right: auto;\" srcset=\"https:\/\/diarioregionaldigital.com.br\/wp-content\/uploads\/2018\/02\/diario-int-23866-10.jpg 680w, https:\/\/diarioregionaldigital.com.br\/wp-content\/uploads\/2018\/02\/diario-int-23866-10-300x199.jpg 300w, https:\/\/diarioregionaldigital.com.br\/wp-content\/uploads\/2018\/02\/diario-int-23866-10-360x238.jpg 360w\" sizes=\"(max-width: 680px) 100vw, 680px\" \/>Na Igreja Santa Rita de C\u00e1ssia, os noivos Gleiberth e Daniela com os lindos D\u00e9bora Gonzales e Felipe Nogueira<\/p>\n<p class=\"h4\" style=\"text-align: center;\">FOTOSS\u00cdNTESE<\/p>\n<p>O Santa Birita comemora anivers\u00e1rio de 1 ano, nesta 5\u00ba feira, 8 de fevereiro. A festa ter\u00e1 muitas novidades e surpresas para a galera. Vai bombar.<\/p>\n<p>Para agitar o carnaval em Juiz de Fora, no dia 12 de fevereiro tem o Bloco do Torresmo El\u00e9trico, no Salvaterra. Ser\u00e1 a partir das 17h, com direito a Bateria da Mocidade Alegre.<\/p>\n<p>Elegant\u00edssima e de bem com a vida, a empres\u00e1ria Ingrid Og Duayer participou com muita alegria, samba e divers\u00e3o de uma noite sofisticada no Sofitel Ipanema, no Rio, em contagem regressiva para o carnaval.<\/p>\n<p>Para o bel\u00edssimo desfile da Esta\u00e7\u00e3o Primeira de Mangueira na Marqu\u00eas de Sapuca\u00ed, a cantora Rosemary vir\u00e1 acompanhada do cantor Alexandre Pires.<\/p>\n<p>A corte do carnaval com o rei Eduardo, a rainha Graciele e a princesa Deisy participaram da campanha do Hemominas para incentivar doa\u00e7\u00e3o de sangue no per\u00edodo que antecede o carnaval. Belo exemplo.<\/p>\n<p>A diva Sandra Portella est\u00e1 com merecida agenda cheia. Vai animar o carnaval de Bicas, S\u00e3o Jo\u00e3o Nepomuceno e Tr\u00eas Rios.<\/p>\n<p>Com iniciativa do vereador Z\u00e9 M\u00e1rcio (Garotinho), o empres\u00e1rio Ant\u00f4nio Salim Arbex, do alto de seus 90 anos, receber\u00e1 o t\u00edtulo de Cidad\u00e3o Honor\u00e1rio de Juiz de Fora. Ele ainda exerce suas fun\u00e7\u00f5es no Tecidos Marab\u00e1, com a lucidez de sempre.<\/p>\n<p>Com boa m\u00fasica ao vivo para eventos e casamentos, a cantora de Barbacena Lumah Goulart faz sucesso por onde passa com seu carisma e talento.<\/p>\n<p>Projetanto sua 19\u00aa loja, a Ca\u00e7ula anunciou a loja \u00e2ncora no Shopping Jardim Norte e abre 60 postos de trabalho.<\/p>\n<p>A equipe do Col\u00e9gio Militar e da Escola Estadual Fernando Lobo ir\u00e3o participar, com seus projetos, da 16\u00aa Feira Brasileira de Ci\u00eancias e Engenharia, promovida pela USP, em S\u00e3o Paulo.<\/p>\n<p>Kaime Oliveira, estudante de Direito da UFJF, representa a Am\u00e9rica Latina na ONU. Ele defender\u00e1 a participa\u00e7\u00e3o pol\u00edtica dos jovens.<\/p>\n<p>A\u00ed: N\u00e3o precisa correr tanto, o que tiver de ser seu as m\u00e3os lhe h\u00e1 de vir\u201d. (Machado de Assis). O tempo se encarrega de trazer aquilo que te pertence. Bom dia.<\/p>\n","protected":false},"excerpt":{"rendered":"<p>Crush com BandeiraA pol\u00edtica virou divisor de \u00e1guas at\u00e9 em aplicativos de paquera. Al\u00e9m da profiss\u00e3o, signo e descri\u00e7\u00e3o do parceiro ideal, o perfil dos candidatos agora traz palavras de ordem como \u201cFoi golpe\u201d e \u201cSe for petista, tchau\u201d. Para usu\u00e1rios e especialistas, \u00e9 um passo natural numa sociedade t\u00e3o polarizada, mas alguns alertam: \u00e9 [&hellip;]<\/p>\n","protected":false},"author":96,"featured_media":91260,"comment_status":"closed","ping_status":"closed","sticky":false,"template":"","format":"standard","meta":{"footnotes":""},"categories":[264],"tags":[],"class_list":["post-91271","post","type-post","status-publish","format-standard","has-post-thumbnail","hentry","category-eduardo-gomes"],"_links":{"self":[{"href":"https:\/\/diarioregionaldigital.com.br\/index.php?rest_route=\/wp\/v2\/posts\/91271","targetHints":{"allow":["GET"]}}],"collection":[{"href":"https:\/\/diarioregionaldigital.com.br\/index.php?rest_route=\/wp\/v2\/posts"}],"about":[{"href":"https:\/\/diarioregionaldigital.com.br\/index.php?rest_route=\/wp\/v2\/types\/post"}],"author":[{"embeddable":true,"href":"https:\/\/diarioregionaldigital.com.br\/index.php?rest_route=\/wp\/v2\/users\/96"}],"replies":[{"embeddable":true,"href":"https:\/\/diarioregionaldigital.com.br\/index.php?rest_route=%2Fwp%2Fv2%2Fcomments&post=91271"}],"version-history":[{"count":0,"href":"https:\/\/diarioregionaldigital.com.br\/index.php?rest_route=\/wp\/v2\/posts\/91271\/revisions"}],"wp:featuredmedia":[{"embeddable":true,"href":"https:\/\/diarioregionaldigital.com.br\/index.php?rest_route=\/wp\/v2\/media\/91260"}],"wp:attachment":[{"href":"https:\/\/diarioregionaldigital.com.br\/index.php?rest_route=%2Fwp%2Fv2%2Fmedia&parent=91271"}],"wp:term":[{"taxonomy":"category","embeddable":true,"href":"https:\/\/diarioregionaldigital.com.br\/index.php?rest_route=%2Fwp%2Fv2%2Fcategories&post=91271"},{"taxonomy":"post_tag","embeddable":true,"href":"https:\/\/diarioregionaldigital.com.br\/index.php?rest_route=%2Fwp%2Fv2%2Ftags&post=91271"}],"curies":[{"name":"wp","href":"https:\/\/api.w.org\/{rel}","templated":true}]}}