{"id":91259,"date":"2018-02-05T21:43:00","date_gmt":"2018-02-05T23:43:00","guid":{"rendered":"http:\/\/diarioregionaljf.com.br\/2018\/02\/05\/parceria-entre-pio-xii-e-colegio-cerqueira-inova-ainda-mais-qualidade-de-ensino-em-jf\/"},"modified":"2018-02-05T21:43:00","modified_gmt":"2018-02-05T23:43:00","slug":"parceria-entre-pio-xii-e-colegio-cerqueira-inova-ainda-mais-qualidade-de-ensino-em-jf","status":"publish","type":"post","link":"https:\/\/diarioregionaldigital.com.br\/?p=91259","title":{"rendered":"Parceria entre Pio XII e Col\u00e9gio Cerqueira inova ainda mais qualidade de ensino em JF"},"content":{"rendered":"<p>O que era bom ainda vai ficar melhor, pois o Col\u00e9gio Polit\u00e9cnico Pio XII fechou uma forte parceria com o Col\u00e9gio Cerqueira. Agora, o ensino fundamental do 1\u00b0 ao 9\u00b0 ano vai ser ministrado pelos excelentes professores do Col\u00e9gio Cerqueira, que passam a contar com a \u00f3tima localiza\u00e7\u00e3o, estrutura ampla e confort\u00e1vel que o Pio XII j\u00e1 oferecia aos seus alunos.<\/p>\n<p>As novidades no ensino fundamental do Col\u00e9gio Cerqueira ser\u00e1 a inclus\u00e3o de aulas de inform\u00e1tica e Rob\u00f3tica para as turmas do 6\u00b0 ao 9\u00b0 ano, que ter\u00e3o aulas no diurno. Para os alunos do 1\u00b0 ao 5\u00b0 ano as aulas acontecer\u00e3o \u00e0 tarde e v\u00e3o contar com a disciplina extra de introdu\u00e7\u00e3o \u00e0 inform\u00e1tica.<\/p>\n<p>De acordo com o diretor Luis Carlos de Souza Cerqueira, mais conhecido como Coronel Cerqueira, o ensino diferenciado do Col\u00e9gio Cerqueira, somado \u00e0 parceria e tradi\u00e7\u00e3o do Pio XII, vai oferecer aos alunos o melhor ensino da cidade. \u201cN\u00f3s temos a oferecer uma grande integra\u00e7\u00e3o entre a dire\u00e7\u00e3o, professores e alunos. Procuramos manter um ambiente saud\u00e1vel e familiar, diferente da maioria dos demais col\u00e9gios. Os alunos t\u00eam acesso facilmente \u00e0 dire\u00e7\u00e3o da institui\u00e7\u00e3o sem qualquer dificuldade, e o mesmo acontece com os pais\/respons\u00e1veis em rela\u00e7\u00e3o \u00e0 dire\u00e7\u00e3o\u201d, ressaltou.<\/p>\n<p>\u00c9 importante esclarecer que o Col\u00e9gio Cerqueira tamb\u00e9m ministra cursos extensivos, mas tamb\u00e9m oferece um \u00f3timo ensino fundamental. \u201cA maioria conhece o Curso Cerqueira que prepara para concursos, e o col\u00e9gio \u00e9 confundido com ele, mas estamos com um trabalho refor\u00e7ado para intensificar nosso ensino fundamental neste ano de 2018. Oferecemos um ensino de qualidade aliado a uma disciplina que \u00e9 aceita pelos alunos, porque entendem que \u00e9 importante para seu futuro. A disciplina n\u00e3o \u00e9 imposta e sim, aceita por convencimento\u201d, afirmou.<\/p>\n<p>As matr\u00edculas para o fundamental est\u00e3o abertas e qualquer d\u00favida pode ser esclarecida pelo telefone (32) 3215-6701.<\/p>\n","protected":false},"excerpt":{"rendered":"<p>O que era bom ainda vai ficar melhor, pois o Col\u00e9gio Polit\u00e9cnico Pio XII fechou uma forte parceria com o Col\u00e9gio Cerqueira. Agora, o ensino fundamental do 1\u00b0 ao 9\u00b0 ano vai ser ministrado pelos excelentes professores do Col\u00e9gio Cerqueira, que passam a contar com a \u00f3tima localiza\u00e7\u00e3o, estrutura ampla e confort\u00e1vel que o Pio [&hellip;]<\/p>\n","protected":false},"author":96,"featured_media":91258,"comment_status":"closed","ping_status":"closed","sticky":false,"template":"","format":"standard","meta":{"footnotes":""},"categories":[253],"tags":[],"class_list":["post-91259","post","type-post","status-publish","format-standard","has-post-thumbnail","hentry","category-cidade"],"_links":{"self":[{"href":"https:\/\/diarioregionaldigital.com.br\/index.php?rest_route=\/wp\/v2\/posts\/91259","targetHints":{"allow":["GET"]}}],"collection":[{"href":"https:\/\/diarioregionaldigital.com.br\/index.php?rest_route=\/wp\/v2\/posts"}],"about":[{"href":"https:\/\/diarioregionaldigital.com.br\/index.php?rest_route=\/wp\/v2\/types\/post"}],"author":[{"embeddable":true,"href":"https:\/\/diarioregionaldigital.com.br\/index.php?rest_route=\/wp\/v2\/users\/96"}],"replies":[{"embeddable":true,"href":"https:\/\/diarioregionaldigital.com.br\/index.php?rest_route=%2Fwp%2Fv2%2Fcomments&post=91259"}],"version-history":[{"count":0,"href":"https:\/\/diarioregionaldigital.com.br\/index.php?rest_route=\/wp\/v2\/posts\/91259\/revisions"}],"wp:featuredmedia":[{"embeddable":true,"href":"https:\/\/diarioregionaldigital.com.br\/index.php?rest_route=\/wp\/v2\/media\/91258"}],"wp:attachment":[{"href":"https:\/\/diarioregionaldigital.com.br\/index.php?rest_route=%2Fwp%2Fv2%2Fmedia&parent=91259"}],"wp:term":[{"taxonomy":"category","embeddable":true,"href":"https:\/\/diarioregionaldigital.com.br\/index.php?rest_route=%2Fwp%2Fv2%2Fcategories&post=91259"},{"taxonomy":"post_tag","embeddable":true,"href":"https:\/\/diarioregionaldigital.com.br\/index.php?rest_route=%2Fwp%2Fv2%2Ftags&post=91259"}],"curies":[{"name":"wp","href":"https:\/\/api.w.org\/{rel}","templated":true}]}}