{"id":91257,"date":"2018-02-05T21:19:28","date_gmt":"2018-02-05T23:19:28","guid":{"rendered":"http:\/\/diarioregionaljf.com.br\/2018\/02\/05\/departamento-de-dst-aids-distribui-material-informativo-e-preservativo-para-conscientizar-folioes\/"},"modified":"2018-02-05T21:19:28","modified_gmt":"2018-02-05T23:19:28","slug":"departamento-de-dst-aids-distribui-material-informativo-e-preservativo-para-conscientizar-folioes","status":"publish","type":"post","link":"https:\/\/diarioregionaldigital.com.br\/?p=91257","title":{"rendered":"Departamento de DST\/Aids distribui material informativo e preservativo para conscientizar foli\u00f5es"},"content":{"rendered":"<p>Servidores do Departamento de Doen\u00e7as Sexualmente Transmiss\u00edveis (DST\/Aids) da Secretaria de Sa\u00fade (SS) circulam pelos blocos carnavalescos distribuindo panfletos informativos e preservativos. \u201cNesse primeiro momento, vamos sensibilizar toda a popula\u00e7\u00e3o sobre o uso correto do preservativo. Para isso, estaremos presentes em todos os blocos, registrados pela Funalfa, distribuindo material informativo e camisinhas. Depois, vamos incentivar as pessoas sobre a necessidade de fazer o teste r\u00e1pido para saber o seu diagn\u00f3stico\u201d, explicou o gerente do departamento, Oswaldo Alves dos Santos J\u00fanior, sobre a a\u00e7\u00e3o durante os dias de folia em Juiz de Fora.<\/p>\n<p>Conforme Santos, ap\u00f3s o Carnaval a procura pelo teste aumenta cerca de 24%. \u201cO Carnaval \u00e9 essa festa grandiosa e deixa as pessoas mais afloradas. Por isso, nesse per\u00edodo, ocorre caso de pessoas que transam sem camisinha e com diversos parceiros\u201d, disse o gerente do departamento. \u201cSe a pessoa se exp\u00f4s, ela est\u00e1 suscet\u00edvel a qualquer DST e o m\u00e9todo mais seguro para prote\u00e7\u00e3o que n\u00f3s temos hoje \u00e9 uso do preservativo de forma correta\u201d, acrescentou.<\/p>\n<p>O teste r\u00e1pido est\u00e1 dispon\u00edvel no Sistema \u00danico de Sa\u00fade (SUS) para todas as pessoas que, porventura, vieram a passar por algum momento de risco em sua vida e n\u00e3o fizeram nenhum exame para detec\u00e7\u00e3o de alguma DST, principalmente HIV e Aids. \u201cO que a prefeitura e o Minist\u00e9rio da Sa\u00fade defendem \u00e9 que 90% das pessoas que tiveram algum tipo de contato, tenham feito sexo sem camisinha, fa\u00e7am o teste\u201d, ressaltou.<\/p>\n<p>Os interessados em realizar o teste r\u00e1pido devem procurar o Centro de Testagem e Aconselhamento (CTA), situado na Avenida dos Andradas, n\u00ba 523, t\u00e9rreo. O CTA funciona de segunda a sexta-feira, das 8h \u00e0s 17h, e o telefone para agendamento \u00e9 3690-7576. No final de semana, o atendimento \u00e9 feito em car\u00e1ter emergencial no Hospital de Pronto Socorro (HPS).<\/p>\n","protected":false},"excerpt":{"rendered":"<p>Servidores do Departamento de Doen\u00e7as Sexualmente Transmiss\u00edveis (DST\/Aids) da Secretaria de Sa\u00fade (SS) circulam pelos blocos carnavalescos distribuindo panfletos informativos e preservativos. \u201cNesse primeiro momento, vamos sensibilizar toda a popula\u00e7\u00e3o sobre o uso correto do preservativo. Para isso, estaremos presentes em todos os blocos, registrados pela Funalfa, distribuindo material informativo e camisinhas. Depois, vamos incentivar [&hellip;]<\/p>\n","protected":false},"author":96,"featured_media":91256,"comment_status":"closed","ping_status":"closed","sticky":false,"template":"","format":"standard","meta":{"footnotes":""},"categories":[253],"tags":[],"class_list":["post-91257","post","type-post","status-publish","format-standard","has-post-thumbnail","hentry","category-cidade"],"_links":{"self":[{"href":"https:\/\/diarioregionaldigital.com.br\/index.php?rest_route=\/wp\/v2\/posts\/91257","targetHints":{"allow":["GET"]}}],"collection":[{"href":"https:\/\/diarioregionaldigital.com.br\/index.php?rest_route=\/wp\/v2\/posts"}],"about":[{"href":"https:\/\/diarioregionaldigital.com.br\/index.php?rest_route=\/wp\/v2\/types\/post"}],"author":[{"embeddable":true,"href":"https:\/\/diarioregionaldigital.com.br\/index.php?rest_route=\/wp\/v2\/users\/96"}],"replies":[{"embeddable":true,"href":"https:\/\/diarioregionaldigital.com.br\/index.php?rest_route=%2Fwp%2Fv2%2Fcomments&post=91257"}],"version-history":[{"count":0,"href":"https:\/\/diarioregionaldigital.com.br\/index.php?rest_route=\/wp\/v2\/posts\/91257\/revisions"}],"wp:featuredmedia":[{"embeddable":true,"href":"https:\/\/diarioregionaldigital.com.br\/index.php?rest_route=\/wp\/v2\/media\/91256"}],"wp:attachment":[{"href":"https:\/\/diarioregionaldigital.com.br\/index.php?rest_route=%2Fwp%2Fv2%2Fmedia&parent=91257"}],"wp:term":[{"taxonomy":"category","embeddable":true,"href":"https:\/\/diarioregionaldigital.com.br\/index.php?rest_route=%2Fwp%2Fv2%2Fcategories&post=91257"},{"taxonomy":"post_tag","embeddable":true,"href":"https:\/\/diarioregionaldigital.com.br\/index.php?rest_route=%2Fwp%2Fv2%2Ftags&post=91257"}],"curies":[{"name":"wp","href":"https:\/\/api.w.org\/{rel}","templated":true}]}}