{"id":91255,"date":"2018-02-05T20:39:15","date_gmt":"2018-02-05T22:39:15","guid":{"rendered":"http:\/\/diarioregionaljf.com.br\/2018\/02\/05\/associacao-dos-cegos-promove-acao-de-prevencao-a-ambliopia\/"},"modified":"2018-02-05T20:39:15","modified_gmt":"2018-02-05T22:39:15","slug":"associacao-dos-cegos-promove-acao-de-prevencao-a-ambliopia","status":"publish","type":"post","link":"https:\/\/diarioregionaldigital.com.br\/?p=91255","title":{"rendered":"Associa\u00e7\u00e3o dos Cegos promove a\u00e7\u00e3o de preven\u00e7\u00e3o \u00e0 ambliopia"},"content":{"rendered":"<p>Aproveitando o tema \u201cvolta \u00e0s aulas\u201d, na manha dessa segunda-feira, 5, a Associa\u00e7\u00e3o dos Cegos promoveu uma a\u00e7\u00e3o de preven\u00e7\u00e3o \u00e0 ambliopia, disfun\u00e7\u00e3o visual causada pelo desenvolvimento anormal de um dos olhos, conhecida como \u201colho vago\u201d ou \u201colho pregui\u00e7oso\u201d, que acomete crian\u00e7as durante a primeira inf\u00e2ncia. A iniciativa contou com cerca de 30 crian\u00e7as em idade escolar, matriculadas na rede p\u00fablica municipal, que foram submetidas a exames oftalmol\u00f3gicos.<\/p>\n<p>O m\u00e9dico oftalmologista e diretor cl\u00ednico da entidade, Luciano Arantes, lembrou que cerca de 33 mil crian\u00e7as brasileiras s\u00e3o cegas, e que pelo menos 80% das causas de cegueira infantil poderiam ser evitadas ou possuem tratamento efetivo, por isso, a necessidade do diagn\u00f3stico precoce. \u201cEssa \u00e9 uma triste estat\u00edstica que assombra o pa\u00eds. O grande problema \u00e9 que \u00e0s vezes a crian\u00e7a n\u00e3o est\u00e1 enxergando de um olho e acaba n\u00e3o contando aos pais. Quando chega \u00e0 vida adulta \u00e9 que a doen\u00e7a \u00e9 descoberta, mas n\u00e3o tem muito que se fazer. Por isso, a import\u00e2ncia da campanha para chamar aten\u00e7\u00e3o dos respons\u00e1veis a levarem seus filhos regularmente ao oftalmologista\u201d, afirma Arantes, acrescentando que o diagn\u00f3stico precisa ser o mais r\u00e1pido poss\u00edvel, j\u00e1 que o desenvolvimento da vis\u00e3o ocorre somente at\u00e9 os sete anos. \u201cSe descoberta at\u00e9 os sete anos de idade ela pode ser revers\u00edvel\u201d, refor\u00e7a.<\/p>\n<p><img loading=\"lazy\" decoding=\"async\" class=\" size-full wp-image-91254\" src=\"http:\/\/diarioregionaljf.com.br\/wp-content\/uploads\/2018\/02\/diario-int-23863-1.jpeg\" alt=\"Felipe Carvalho (6).jpeg\" style=\"display: block; margin-left: auto; margin-right: auto;\" width=\"680\" height=\"402\" srcset=\"https:\/\/diarioregionaldigital.com.br\/wp-content\/uploads\/2018\/02\/diario-int-23863-1.jpeg 680w, https:\/\/diarioregionaldigital.com.br\/wp-content\/uploads\/2018\/02\/diario-int-23863-1-300x177.jpeg 300w, https:\/\/diarioregionaldigital.com.br\/wp-content\/uploads\/2018\/02\/diario-int-23863-1-360x213.jpeg 360w\" sizes=\"auto, (max-width: 680px) 100vw, 680px\" \/><\/p>\n<p>Arantes tamb\u00e9m explica que estrabismo, erros refracionais, como miopia, hipermetropia e astigmatismo, tumores e traumas podem levar ao desenvolvimento da ambliopia. \u201cOs pais devem observar quando as crian\u00e7as est\u00e3o lacrimejando muito, co\u00e7ando os olhos, n\u00e3o conseguem fixar o olhar nos objetos, pois isso pode ser sinal da doen\u00e7a\u201d, revela.<\/p>\n<p>A manicure Yasmin Alhadas Rangel levou sua filha de quatro anos para fazer os exames. Ela conta que at\u00e9 ent\u00e3o n\u00e3o havia se preocupado com a vis\u00e3o da menina, mas que, a partir de agora, ir\u00e1 incluir as visitas ao m\u00e9dico em sua rotina. \u201cO atendimento foi muito bom. Cheguei \u00e0s 7h30 e ocorreu tudo bem. O m\u00e9dico recomendou um novo exame para ela no pr\u00f3ximo ano, apesar de ter dito que n\u00e3o h\u00e1 nada de anormal na vis\u00e3o dela\u201d, diz.<\/p>\n<p>&nbsp;<\/p>\n","protected":false},"excerpt":{"rendered":"<p>Aproveitando o tema \u201cvolta \u00e0s aulas\u201d, na manha dessa segunda-feira, 5, a Associa\u00e7\u00e3o dos Cegos promoveu uma a\u00e7\u00e3o de preven\u00e7\u00e3o \u00e0 ambliopia, disfun\u00e7\u00e3o visual causada pelo desenvolvimento anormal de um dos olhos, conhecida como \u201colho vago\u201d ou \u201colho pregui\u00e7oso\u201d, que acomete crian\u00e7as durante a primeira inf\u00e2ncia. A iniciativa contou com cerca de 30 crian\u00e7as em [&hellip;]<\/p>\n","protected":false},"author":96,"featured_media":0,"comment_status":"closed","ping_status":"closed","sticky":false,"template":"","format":"standard","meta":{"footnotes":""},"categories":[253],"tags":[],"class_list":["post-91255","post","type-post","status-publish","format-standard","hentry","category-cidade"],"_links":{"self":[{"href":"https:\/\/diarioregionaldigital.com.br\/index.php?rest_route=\/wp\/v2\/posts\/91255","targetHints":{"allow":["GET"]}}],"collection":[{"href":"https:\/\/diarioregionaldigital.com.br\/index.php?rest_route=\/wp\/v2\/posts"}],"about":[{"href":"https:\/\/diarioregionaldigital.com.br\/index.php?rest_route=\/wp\/v2\/types\/post"}],"author":[{"embeddable":true,"href":"https:\/\/diarioregionaldigital.com.br\/index.php?rest_route=\/wp\/v2\/users\/96"}],"replies":[{"embeddable":true,"href":"https:\/\/diarioregionaldigital.com.br\/index.php?rest_route=%2Fwp%2Fv2%2Fcomments&post=91255"}],"version-history":[{"count":0,"href":"https:\/\/diarioregionaldigital.com.br\/index.php?rest_route=\/wp\/v2\/posts\/91255\/revisions"}],"wp:attachment":[{"href":"https:\/\/diarioregionaldigital.com.br\/index.php?rest_route=%2Fwp%2Fv2%2Fmedia&parent=91255"}],"wp:term":[{"taxonomy":"category","embeddable":true,"href":"https:\/\/diarioregionaldigital.com.br\/index.php?rest_route=%2Fwp%2Fv2%2Fcategories&post=91255"},{"taxonomy":"post_tag","embeddable":true,"href":"https:\/\/diarioregionaldigital.com.br\/index.php?rest_route=%2Fwp%2Fv2%2Ftags&post=91255"}],"curies":[{"name":"wp","href":"https:\/\/api.w.org\/{rel}","templated":true}]}}