{"id":91252,"date":"2018-02-05T19:27:15","date_gmt":"2018-02-05T21:27:15","guid":{"rendered":"http:\/\/diarioregionaljf.com.br\/2018\/02\/05\/inscricoes-para-o-cpc-comecam-na-segunda-quinzena-de-fevereiro\/"},"modified":"2018-02-05T19:27:15","modified_gmt":"2018-02-05T21:27:15","slug":"inscricoes-para-o-cpc-comecam-na-segunda-quinzena-de-fevereiro","status":"publish","type":"post","link":"https:\/\/diarioregionaldigital.com.br\/?p=91252","title":{"rendered":"Inscri\u00e7\u00f5es para o CPC come\u00e7am na segunda quinzena de fevereiro"},"content":{"rendered":"<p>As inscri\u00e7\u00f5es ao Curso Preparat\u00f3rio para Concursos (CPC) estar\u00e3o abertas entre os dias 19 e 23. Os interessados devem comparecer \u00e0 sede da Secretaria de Desenvolvimento Social (SDS) da Prefeitura de Juiz de Fora (PJF), na Rua Halfeld, n\u00ba 450, 5\u00b0 andar, das 8h \u00e0s 11h30 ou das 14h30 \u00e0s 17h30. Este ano, o CPC continuar\u00e1 com os tradicionais cursos para o Exame Nacional do Ensino M\u00e9dio (Enem), Programa de Ingresso Seletivo Misto (Pism), Instituto Federal de Educa\u00e7\u00e3o, Ci\u00eancia e Tecnologia (IF) e concursos em geral, al\u00e9m do curso b\u00e1sico de l\u00ednguas (ingl\u00eas e espanhol), \u201caul\u00f5es\u201d interdisciplinares nos s\u00e1bados, aulas de direito e inform\u00e1tica e oficinas de reda\u00e7\u00e3o. Al\u00e9m disso, oferecer\u00e1 quatro novas modalidades de oficina: espanhol, ingl\u00eas, interpreta\u00e7\u00e3o de texto e matem\u00e1tica. As novidades deste ano tamb\u00e9m s\u00e3o uma nova turma para o IF no turno da tarde e o &#8220;N\u00facleo Travessia&#8221;, com grupo para o Enem no turno da manh\u00e3.<\/p>\n<p>O valor da taxa de inscri\u00e7\u00e3o \u00e9 de R$91,13. Cadastrados no Bolsa Fam\u00edlia ou Benef\u00edcio de Presta\u00e7\u00e3o Continuada (BPC) ser\u00e3o isentos da taxa. O CPC n\u00e3o cobra mensalidade. Os documentos necess\u00e1rios para a inscri\u00e7\u00e3o s\u00e3o:<\/p>\n<p>\u2013 Carteira de identidade;<\/p>\n<p>\u2013 Cadastro de Pessoa F\u00edsica (CPF);<\/p>\n<p>\u2013 Comprovante de renda;<\/p>\n<p>\u2013 Comprovante de resid\u00eancia;<\/p>\n<p>\u2013 Hist\u00f3rico escolar; e<\/p>\n<p>\u2013 Comprovante de recebimento do Bolsa Fam\u00edlia ou BPC, caso possua.<\/p>\n<p>Todos os documentos s\u00e3o obrigat\u00f3rios, independente de isen\u00e7\u00e3o na taxa de inscri\u00e7\u00e3o ou n\u00e3o.<\/p>\n<p>&nbsp;<\/p>\n<h4>CPC<\/h4>\n<p>O Curso Preparat\u00f3rio para Concursos \u00e9 um programa da Secretaria de Desenvolvimento Social (SDS) da Prefeitura de Juiz de Fora (PJF), que tem como objetivo criar oportunidades para estudantes de baixa renda ingressarem no ensino superior ou t\u00e9cnico. Para isso, oferece cursos preparat\u00f3rios que possibilitem aos alunos concorrer em n\u00edvel de igualdade nos processos seletivos. Oferta, tamb\u00e9m, prepara\u00e7\u00e3o para estudantes que desejam realizar provas para concursos p\u00fablicos municipais e estaduais. Outras informa\u00e7\u00f5es sobre o CPC pelo telefone 3690-8503.<\/p>\n<p>&nbsp;<\/p>\n<p>Fonte: Assessoria<\/p>\n","protected":false},"excerpt":{"rendered":"<p>As inscri\u00e7\u00f5es ao Curso Preparat\u00f3rio para Concursos (CPC) estar\u00e3o abertas entre os dias 19 e 23. Os interessados devem comparecer \u00e0 sede da Secretaria de Desenvolvimento Social (SDS) da Prefeitura de Juiz de Fora (PJF), na Rua Halfeld, n\u00ba 450, 5\u00b0 andar, das 8h \u00e0s 11h30 ou das 14h30 \u00e0s 17h30. Este ano, o CPC [&hellip;]<\/p>\n","protected":false},"author":96,"featured_media":91251,"comment_status":"closed","ping_status":"closed","sticky":false,"template":"","format":"standard","meta":{"footnotes":""},"categories":[253],"tags":[],"class_list":["post-91252","post","type-post","status-publish","format-standard","has-post-thumbnail","hentry","category-cidade"],"_links":{"self":[{"href":"https:\/\/diarioregionaldigital.com.br\/index.php?rest_route=\/wp\/v2\/posts\/91252","targetHints":{"allow":["GET"]}}],"collection":[{"href":"https:\/\/diarioregionaldigital.com.br\/index.php?rest_route=\/wp\/v2\/posts"}],"about":[{"href":"https:\/\/diarioregionaldigital.com.br\/index.php?rest_route=\/wp\/v2\/types\/post"}],"author":[{"embeddable":true,"href":"https:\/\/diarioregionaldigital.com.br\/index.php?rest_route=\/wp\/v2\/users\/96"}],"replies":[{"embeddable":true,"href":"https:\/\/diarioregionaldigital.com.br\/index.php?rest_route=%2Fwp%2Fv2%2Fcomments&post=91252"}],"version-history":[{"count":0,"href":"https:\/\/diarioregionaldigital.com.br\/index.php?rest_route=\/wp\/v2\/posts\/91252\/revisions"}],"wp:featuredmedia":[{"embeddable":true,"href":"https:\/\/diarioregionaldigital.com.br\/index.php?rest_route=\/wp\/v2\/media\/91251"}],"wp:attachment":[{"href":"https:\/\/diarioregionaldigital.com.br\/index.php?rest_route=%2Fwp%2Fv2%2Fmedia&parent=91252"}],"wp:term":[{"taxonomy":"category","embeddable":true,"href":"https:\/\/diarioregionaldigital.com.br\/index.php?rest_route=%2Fwp%2Fv2%2Fcategories&post=91252"},{"taxonomy":"post_tag","embeddable":true,"href":"https:\/\/diarioregionaldigital.com.br\/index.php?rest_route=%2Fwp%2Fv2%2Ftags&post=91252"}],"curies":[{"name":"wp","href":"https:\/\/api.w.org\/{rel}","templated":true}]}}