{"id":91250,"date":"2018-02-05T19:21:52","date_gmt":"2018-02-05T21:21:52","guid":{"rendered":"http:\/\/diarioregionaljf.com.br\/2018\/02\/05\/senado-pode-passar-a-exigir-prestacao-de-contas-de-autoridades\/"},"modified":"2018-02-05T19:21:52","modified_gmt":"2018-02-05T21:21:52","slug":"senado-pode-passar-a-exigir-prestacao-de-contas-de-autoridades","status":"publish","type":"post","link":"https:\/\/diarioregionaldigital.com.br\/?p=91250","title":{"rendered":"Senado pode passar a exigir presta\u00e7\u00e3o de contas de autoridades"},"content":{"rendered":"<p>O Senado tem a responsabilidade constitucional de decidir sobre a nomea\u00e7\u00e3o de uma s\u00e9rie de autoridades, ao sabatinar os indicados e votar pela aprova\u00e7\u00e3o dos seus nomes. E tamb\u00e9m pode assumir um papel maior no acompanhamento do trabalho dessas autoridades. Foi encaminhada ao Plen\u00e1rio a PEC 89\/2011, segundo a qual v\u00e1rias das autoridades cuja indica\u00e7\u00e3o \u00e9 submetida ao Senado devem comparecer anualmente \u00e0 Casa para prestar contas do andamento das suas atividades. A regra se aplicaria a diretores de ag\u00eancias reguladoras e do Banco Central, a membros de conselhos e ao chefe da Defensoria P\u00fablica da Uni\u00e3o.<\/p>\n<p>A proposta \u00e9 do senador licenciado Walter Pinheiro (sem partido-BA), segundo o qual a presta\u00e7\u00e3o de contas dessas autoridades ao Congresso seria aprimorada se houvesse uma previs\u00e3o constitucional para o seu comparecimento peri\u00f3dico. O Senado teria essa prerrogativa por ter sido o respons\u00e1vel pela decis\u00e3o sobre a nomea\u00e7\u00e3o dos indicados.<\/p>\n<p>Na justificativa, Pinheiro tamb\u00e9m destaca que nem todas as autoridades aprovadas pelo Senado podem ser submetidas a essa obriga\u00e7\u00e3o. Os ministros dos tribunais superiores, os membros do Tribunal de Contas da Uni\u00e3o e o procurador-geral da Rep\u00fablica, pela independ\u00eancia garantida \u00e0s suas atividades, estariam isentos. O presidente do Banco Central, que tem status de ministro de Estado, j\u00e1 est\u00e1 sujeito a comparecimento ao Senado. Por fim, a proposta de Pinheiro dispensa tamb\u00e9m os embaixadores.<\/p>\n<p>A PEC tem parecer favor\u00e1vel do relator, o ex-senador An\u00edbal Diniz (PT-AC) \u2014 que hoje \u00e9 conselheiro e vice-presidente da Ag\u00eancia Nacional de Telecomunica\u00e7\u00f5es (Anatel) e estaria, portanto, sujeito \u00e0 nova regra, caso a proposta seja aprovada.<\/p>\n<p>O texto precisa receber 49 votos favor\u00e1veis em duas vota\u00e7\u00f5es diferentes no Plen\u00e1rio do Senado. Caso seja aprovado, seguir\u00e1 para a C\u00e2mara dos Deputados, onde tamb\u00e9m precisar\u00e1 passar por duas vota\u00e7\u00f5es. Se for aprovada pelas duas casas, a PEC poder\u00e1 ser promulgada, sem a necessidade de san\u00e7\u00e3o pelo presidente da Rep\u00fablica.<\/p>\n<p>Fonte: Ag\u00eancia Senado<\/p>\n","protected":false},"excerpt":{"rendered":"<p>O Senado tem a responsabilidade constitucional de decidir sobre a nomea\u00e7\u00e3o de uma s\u00e9rie de autoridades, ao sabatinar os indicados e votar pela aprova\u00e7\u00e3o dos seus nomes. E tamb\u00e9m pode assumir um papel maior no acompanhamento do trabalho dessas autoridades. Foi encaminhada ao Plen\u00e1rio a PEC 89\/2011, segundo a qual v\u00e1rias das autoridades cuja indica\u00e7\u00e3o [&hellip;]<\/p>\n","protected":false},"author":96,"featured_media":91249,"comment_status":"closed","ping_status":"closed","sticky":false,"template":"","format":"standard","meta":{"footnotes":""},"categories":[254],"tags":[],"class_list":["post-91250","post","type-post","status-publish","format-standard","has-post-thumbnail","hentry","category-politica"],"_links":{"self":[{"href":"https:\/\/diarioregionaldigital.com.br\/index.php?rest_route=\/wp\/v2\/posts\/91250","targetHints":{"allow":["GET"]}}],"collection":[{"href":"https:\/\/diarioregionaldigital.com.br\/index.php?rest_route=\/wp\/v2\/posts"}],"about":[{"href":"https:\/\/diarioregionaldigital.com.br\/index.php?rest_route=\/wp\/v2\/types\/post"}],"author":[{"embeddable":true,"href":"https:\/\/diarioregionaldigital.com.br\/index.php?rest_route=\/wp\/v2\/users\/96"}],"replies":[{"embeddable":true,"href":"https:\/\/diarioregionaldigital.com.br\/index.php?rest_route=%2Fwp%2Fv2%2Fcomments&post=91250"}],"version-history":[{"count":0,"href":"https:\/\/diarioregionaldigital.com.br\/index.php?rest_route=\/wp\/v2\/posts\/91250\/revisions"}],"wp:featuredmedia":[{"embeddable":true,"href":"https:\/\/diarioregionaldigital.com.br\/index.php?rest_route=\/wp\/v2\/media\/91249"}],"wp:attachment":[{"href":"https:\/\/diarioregionaldigital.com.br\/index.php?rest_route=%2Fwp%2Fv2%2Fmedia&parent=91250"}],"wp:term":[{"taxonomy":"category","embeddable":true,"href":"https:\/\/diarioregionaldigital.com.br\/index.php?rest_route=%2Fwp%2Fv2%2Fcategories&post=91250"},{"taxonomy":"post_tag","embeddable":true,"href":"https:\/\/diarioregionaldigital.com.br\/index.php?rest_route=%2Fwp%2Fv2%2Ftags&post=91250"}],"curies":[{"name":"wp","href":"https:\/\/api.w.org\/{rel}","templated":true}]}}