{"id":91248,"date":"2018-02-05T18:58:51","date_gmt":"2018-02-05T20:58:51","guid":{"rendered":"http:\/\/diarioregionaljf.com.br\/2018\/02\/05\/policia-civil-apresenta-suspeitos-de-homicidios-em-juiz-de-fora\/"},"modified":"2018-02-05T18:58:51","modified_gmt":"2018-02-05T20:58:51","slug":"policia-civil-apresenta-suspeitos-de-homicidios-em-juiz-de-fora","status":"publish","type":"post","link":"https:\/\/diarioregionaldigital.com.br\/?p=91248","title":{"rendered":"Pol\u00edcia Civil apresenta suspeitos de homic\u00eddios em Juiz de Fora"},"content":{"rendered":"<p>Nesta segunda-feira, 5, a Pol\u00edcia Civil de Minas Gerais (PCMG) apresentou tr\u00eas suspeitos de homic\u00eddios consumados cometidos em Juiz de Fora. Entre eles, h\u00e1 um jovem de 18 anos que estaria envolvido no crime ocorrido no bairro S\u00e3o Benedito, zona Leste, no dia 7 de novembro de 2017.<\/p>\n<p>Na ocasi\u00e3o, a v\u00edtima, um homem de 29 anos, estava falando ao celular e teria sido confundido com algum poss\u00edvel rival do Bairro Santa C\u00e2ndida. Segundo o titular da Delegacia Especializada de Homic\u00eddios (DEH), Delegado Rodrigo Rolli, no final do ano passado a PCMG j\u00e1 havia apresentado outro suspeito do crime.<\/p>\n<p>Os outros dois investigados, de 20 e 23 anos, teriam assassinado um jovem 19 anos, dia 4 de novembro de 2017, no Bairro Bom Jardim, tamb\u00e9m na zona Leste da cidade. Conforme o delegado, investiga\u00e7\u00f5es apontam que a v\u00edtima teria praticado outros crimes no Bairro Ipiranga e, por esse motivo, foi alvejado por disparos de arma de fogo.<\/p>\n<p>Todos os investigados foram encaminhados \u00e0 unidade prisional.<\/p>\n<p>&nbsp;<\/p>\n<p>Colabora\u00e7\u00e3o Assessoria<\/p>\n","protected":false},"excerpt":{"rendered":"<p>Nesta segunda-feira, 5, a Pol\u00edcia Civil de Minas Gerais (PCMG) apresentou tr\u00eas suspeitos de homic\u00eddios consumados cometidos em Juiz de Fora. Entre eles, h\u00e1 um jovem de 18 anos que estaria envolvido no crime ocorrido no bairro S\u00e3o Benedito, zona Leste, no dia 7 de novembro de 2017. Na ocasi\u00e3o, a v\u00edtima, um homem de [&hellip;]<\/p>\n","protected":false},"author":96,"featured_media":91247,"comment_status":"closed","ping_status":"closed","sticky":false,"template":"","format":"standard","meta":{"footnotes":""},"categories":[253],"tags":[],"class_list":["post-91248","post","type-post","status-publish","format-standard","has-post-thumbnail","hentry","category-cidade"],"_links":{"self":[{"href":"https:\/\/diarioregionaldigital.com.br\/index.php?rest_route=\/wp\/v2\/posts\/91248","targetHints":{"allow":["GET"]}}],"collection":[{"href":"https:\/\/diarioregionaldigital.com.br\/index.php?rest_route=\/wp\/v2\/posts"}],"about":[{"href":"https:\/\/diarioregionaldigital.com.br\/index.php?rest_route=\/wp\/v2\/types\/post"}],"author":[{"embeddable":true,"href":"https:\/\/diarioregionaldigital.com.br\/index.php?rest_route=\/wp\/v2\/users\/96"}],"replies":[{"embeddable":true,"href":"https:\/\/diarioregionaldigital.com.br\/index.php?rest_route=%2Fwp%2Fv2%2Fcomments&post=91248"}],"version-history":[{"count":0,"href":"https:\/\/diarioregionaldigital.com.br\/index.php?rest_route=\/wp\/v2\/posts\/91248\/revisions"}],"wp:featuredmedia":[{"embeddable":true,"href":"https:\/\/diarioregionaldigital.com.br\/index.php?rest_route=\/wp\/v2\/media\/91247"}],"wp:attachment":[{"href":"https:\/\/diarioregionaldigital.com.br\/index.php?rest_route=%2Fwp%2Fv2%2Fmedia&parent=91248"}],"wp:term":[{"taxonomy":"category","embeddable":true,"href":"https:\/\/diarioregionaldigital.com.br\/index.php?rest_route=%2Fwp%2Fv2%2Fcategories&post=91248"},{"taxonomy":"post_tag","embeddable":true,"href":"https:\/\/diarioregionaldigital.com.br\/index.php?rest_route=%2Fwp%2Fv2%2Ftags&post=91248"}],"curies":[{"name":"wp","href":"https:\/\/api.w.org\/{rel}","templated":true}]}}