{"id":91246,"date":"2018-02-05T18:48:22","date_gmt":"2018-02-05T20:48:22","guid":{"rendered":"http:\/\/diarioregionaljf.com.br\/2018\/02\/05\/medicos-da-rede-publica-de-muriae-recebem-capacitacao-sobre-febre-amarela\/"},"modified":"2018-02-05T18:48:22","modified_gmt":"2018-02-05T20:48:22","slug":"medicos-da-rede-publica-de-muriae-recebem-capacitacao-sobre-febre-amarela","status":"publish","type":"post","link":"https:\/\/diarioregionaldigital.com.br\/?p=91246","title":{"rendered":"M\u00e9dicos da rede p\u00fablica de Muria\u00e9 recebem capacita\u00e7\u00e3o sobre febre amarela"},"content":{"rendered":"<p>A Prefeitura de Muria\u00e9 (a cerca de 158 Km de JF) est\u00e1 promovendo a capacita\u00e7\u00e3o \u201cManejo Cl\u00ednico de Febre Amarela\u201d para levar aos m\u00e9dicos da rede p\u00fablica mais informa\u00e7\u00f5es sobre as principais caracter\u00edsticas da doen\u00e7a que podem ser confundidas com outras epidemias. A primeira reuni\u00e3o aconteceu na quinta-feira, 1\u00ba, na Secretaria Municipal de Sa\u00fade, com palestra realizada pelo cl\u00ednico Mateus Sim\u00e3o. A iniciativa pretende tratar os pacientes com suspeita da doen\u00e7a de forma interdisciplinar, dando atendimento especializado para diagnosticar em tempo recorde a doen\u00e7a infecciosa que pode at\u00e9 ser fatal.<\/p>\n<p>A capacita\u00e7\u00e3o enfatizou as dificuldades para a identifica\u00e7\u00e3o de pacientes com febre amarela, uma vez que os sintomas iniciais da doen\u00e7a s\u00e3o semelhantes aos de outras anomalias, como a dengue. O m\u00e9dico Mateus Sim\u00e3o tamb\u00e9m ressaltou o grande n\u00famero de casos que v\u00eam acontecendo em Minas Gerais e chamou aten\u00e7\u00e3o dos demais profissionais para procurar, de maneira precoce, a confirma\u00e7\u00e3o ou n\u00e3o da doen\u00e7a nos pacientes que chegam \u00e0s unidades de sa\u00fade, lembrando que a imuniza\u00e7\u00e3o ainda \u00e9 a melhor forma de prote\u00e7\u00e3o. Os principais sintomas s\u00e3o febre, calafrios, perda de apetite, n\u00e1useas, dores de cabe\u00e7a e dores musculares, principalmente nas costas.<\/p>\n<p>A febre amarela \u00e9 transmitida nas cidades pelo mosquito Aedes aegypti. Os seus sintomas parecem muito com os de outras doen\u00e7as, principalmente em est\u00e1gios iniciais. Para isso, a Ger\u00eancia Regional de Sa\u00fade de Ub\u00e1 est\u00e1 se unindo a cada uma das prefeituras para realizar treinamentos. \u201cEstamos envolvidos no treinamento dos mais de 30 m\u00e9dicos das nossas Unidades B\u00e1sicas de Sa\u00fade de Muria\u00e9, capacitando-os especificamente para identificar, em primeira m\u00e3o, a possibilidade da febre amarela. Diante da gravidade dos fatos em nosso estado, estamos investindo na preven\u00e7\u00e3o e distribuindo as vacinas em toda nossa rede p\u00fablica para proteger os muriaeenses\u201d, informou o prefeito Grego.<\/p>\n<p>&nbsp;<\/p>\n<p><strong>Confira abaixo a escala de vacina\u00e7\u00e3o nas unidades de sa\u00fade de Muria\u00e9:<\/strong><\/p>\n<p>&#8211; Segunda-feira: Planalto, Dornelas, Porto, Joan\u00f3polis e Gaspar<br \/>&#8211; Ter\u00e7a-feira: PSF Safira, Barra I e Inconfid\u00eancia<br \/>&#8211; Quarta-feira: S\u00e3o Gotardo, Cl\u00f3vis de Aquino, S\u00e3o Francisco, Santa Terezinha, S\u00e3o Crist\u00f3v\u00e3o, Jos\u00e9 Cirilo, Cardoso de Melo, Santana, Barra II e Vermelho<br \/>&#8211; Quinta-feira: Centro, Marambaia, S\u00e3o Pedro, Itamuri, Belis\u00e1rio, Boa Fam\u00edlia, Policl\u00ednica Safira e Aeroporto<br \/>&#8211; Sexta-feira: Santo Ant\u00f4nio, Bom Jesus da Cachoeira e Primavera<\/p>\n<p>*Para receber a dose \u00e9 necess\u00e1rio levar cart\u00e3o de vacina; se n\u00e3o tiver o cart\u00e3o, levar documento de identifica\u00e7\u00e3o pessoal<\/p>\n<p>*As unidades de sa\u00fade e o Centro Municipal de Imuniza\u00e7\u00e3o funcionam de segunda a sexta-feira, de 7h \u00e0s 17h (sem intervalo para almo\u00e7o)<\/p>\n<p>&nbsp;<\/p>\n<p>Fonte: Assessoria Prefeitura de Muria\u00e9<\/p>\n","protected":false},"excerpt":{"rendered":"<p>A Prefeitura de Muria\u00e9 (a cerca de 158 Km de JF) est\u00e1 promovendo a capacita\u00e7\u00e3o \u201cManejo Cl\u00ednico de Febre Amarela\u201d para levar aos m\u00e9dicos da rede p\u00fablica mais informa\u00e7\u00f5es sobre as principais caracter\u00edsticas da doen\u00e7a que podem ser confundidas com outras epidemias. A primeira reuni\u00e3o aconteceu na quinta-feira, 1\u00ba, na Secretaria Municipal de Sa\u00fade, com [&hellip;]<\/p>\n","protected":false},"author":96,"featured_media":91245,"comment_status":"closed","ping_status":"closed","sticky":false,"template":"","format":"standard","meta":{"footnotes":""},"categories":[252],"tags":[],"class_list":["post-91246","post","type-post","status-publish","format-standard","has-post-thumbnail","hentry","category-regiao"],"_links":{"self":[{"href":"https:\/\/diarioregionaldigital.com.br\/index.php?rest_route=\/wp\/v2\/posts\/91246","targetHints":{"allow":["GET"]}}],"collection":[{"href":"https:\/\/diarioregionaldigital.com.br\/index.php?rest_route=\/wp\/v2\/posts"}],"about":[{"href":"https:\/\/diarioregionaldigital.com.br\/index.php?rest_route=\/wp\/v2\/types\/post"}],"author":[{"embeddable":true,"href":"https:\/\/diarioregionaldigital.com.br\/index.php?rest_route=\/wp\/v2\/users\/96"}],"replies":[{"embeddable":true,"href":"https:\/\/diarioregionaldigital.com.br\/index.php?rest_route=%2Fwp%2Fv2%2Fcomments&post=91246"}],"version-history":[{"count":0,"href":"https:\/\/diarioregionaldigital.com.br\/index.php?rest_route=\/wp\/v2\/posts\/91246\/revisions"}],"wp:featuredmedia":[{"embeddable":true,"href":"https:\/\/diarioregionaldigital.com.br\/index.php?rest_route=\/wp\/v2\/media\/91245"}],"wp:attachment":[{"href":"https:\/\/diarioregionaldigital.com.br\/index.php?rest_route=%2Fwp%2Fv2%2Fmedia&parent=91246"}],"wp:term":[{"taxonomy":"category","embeddable":true,"href":"https:\/\/diarioregionaldigital.com.br\/index.php?rest_route=%2Fwp%2Fv2%2Fcategories&post=91246"},{"taxonomy":"post_tag","embeddable":true,"href":"https:\/\/diarioregionaldigital.com.br\/index.php?rest_route=%2Fwp%2Fv2%2Ftags&post=91246"}],"curies":[{"name":"wp","href":"https:\/\/api.w.org\/{rel}","templated":true}]}}