{"id":91240,"date":"2018-02-05T18:24:18","date_gmt":"2018-02-05T20:24:18","guid":{"rendered":"http:\/\/diarioregionaljf.com.br\/2018\/02\/05\/buraco-aberto-as-margens-da-br-120-entre-leopoldina-e-cataguases-deixa-motoristas-em-alerta\/"},"modified":"2018-02-05T18:24:18","modified_gmt":"2018-02-05T20:24:18","slug":"buraco-aberto-as-margens-da-br-120-entre-leopoldina-e-cataguases-deixa-motoristas-em-alerta","status":"publish","type":"post","link":"https:\/\/diarioregionaldigital.com.br\/?p=91240","title":{"rendered":"Buraco aberto \u00e0s margens da BR-120 entre Leopoldina e Cataguases deixa motoristas em alerta"},"content":{"rendered":"<p>Um buraco causado pela chuva na rodovia BR-120, que liga os munic\u00edpios de Leopoldina e Cataguases, deixa condutores de ve\u00edculos preocupados com os riscos de acidentes. Com as chuvas das \u00faltimas semanas, a \u00e1gua caiu diretamente sobre o solo, provocando eros\u00e3o do barranco.<\/p>\n<p>Centenas de ve\u00edculos, inclusive caminh\u00f5es, trafegam diariamente pelo trecho, localizado nas imedia\u00e7\u00f5es do radar daquela rodovia. Os condutores e moradores da regi\u00e3o est\u00e3o preocupados com a cratera. Uma sinaliza\u00e7\u00e3o provis\u00f3ria foi colocada no local, mas os motoristas relatam que s\u00f3 \u00e9 poss\u00edvel perceber o problema quando se est\u00e1 bem pr\u00f3ximo, pois o buraco est\u00e1 coberto pela \u00e1gua. Quem precisa passar com frequ\u00eancia pela rodovia se diz apreensivo com a situa\u00e7\u00e3o.<\/p>\n<p>A Reportagem d&#8217;O Vigilante Online n\u00e3o conseguiu contato com o Departamento de Edifica\u00e7\u00f5es e Estradas de Rodagem de Minas Gerais (DEER\/MG).<\/p>\n<p>&nbsp;<\/p>\n<p>Fonte: O vigilante Online<\/p>\n","protected":false},"excerpt":{"rendered":"<p>Um buraco causado pela chuva na rodovia BR-120, que liga os munic\u00edpios de Leopoldina e Cataguases, deixa condutores de ve\u00edculos preocupados com os riscos de acidentes. Com as chuvas das \u00faltimas semanas, a \u00e1gua caiu diretamente sobre o solo, provocando eros\u00e3o do barranco. Centenas de ve\u00edculos, inclusive caminh\u00f5es, trafegam diariamente pelo trecho, localizado nas imedia\u00e7\u00f5es [&hellip;]<\/p>\n","protected":false},"author":96,"featured_media":91239,"comment_status":"closed","ping_status":"closed","sticky":false,"template":"","format":"standard","meta":{"footnotes":""},"categories":[252],"tags":[],"class_list":["post-91240","post","type-post","status-publish","format-standard","has-post-thumbnail","hentry","category-regiao"],"_links":{"self":[{"href":"https:\/\/diarioregionaldigital.com.br\/index.php?rest_route=\/wp\/v2\/posts\/91240","targetHints":{"allow":["GET"]}}],"collection":[{"href":"https:\/\/diarioregionaldigital.com.br\/index.php?rest_route=\/wp\/v2\/posts"}],"about":[{"href":"https:\/\/diarioregionaldigital.com.br\/index.php?rest_route=\/wp\/v2\/types\/post"}],"author":[{"embeddable":true,"href":"https:\/\/diarioregionaldigital.com.br\/index.php?rest_route=\/wp\/v2\/users\/96"}],"replies":[{"embeddable":true,"href":"https:\/\/diarioregionaldigital.com.br\/index.php?rest_route=%2Fwp%2Fv2%2Fcomments&post=91240"}],"version-history":[{"count":0,"href":"https:\/\/diarioregionaldigital.com.br\/index.php?rest_route=\/wp\/v2\/posts\/91240\/revisions"}],"wp:featuredmedia":[{"embeddable":true,"href":"https:\/\/diarioregionaldigital.com.br\/index.php?rest_route=\/wp\/v2\/media\/91239"}],"wp:attachment":[{"href":"https:\/\/diarioregionaldigital.com.br\/index.php?rest_route=%2Fwp%2Fv2%2Fmedia&parent=91240"}],"wp:term":[{"taxonomy":"category","embeddable":true,"href":"https:\/\/diarioregionaldigital.com.br\/index.php?rest_route=%2Fwp%2Fv2%2Fcategories&post=91240"},{"taxonomy":"post_tag","embeddable":true,"href":"https:\/\/diarioregionaldigital.com.br\/index.php?rest_route=%2Fwp%2Fv2%2Ftags&post=91240"}],"curies":[{"name":"wp","href":"https:\/\/api.w.org\/{rel}","templated":true}]}}