{"id":91238,"date":"2018-02-05T18:17:06","date_gmt":"2018-02-05T20:17:06","guid":{"rendered":"http:\/\/diarioregionaljf.com.br\/2018\/02\/05\/carreta-tomba-e-motorista-fica-preso-as-ferragens-em-alem-paraiba\/"},"modified":"2018-02-05T18:17:06","modified_gmt":"2018-02-05T20:17:06","slug":"carreta-tomba-e-motorista-fica-preso-as-ferragens-em-alem-paraiba","status":"publish","type":"post","link":"https:\/\/diarioregionaldigital.com.br\/?p=91238","title":{"rendered":"Carreta tomba e motorista fica preso \u00e0s ferragens em Al\u00e9m Para\u00edba"},"content":{"rendered":"<p>Um motorista ficou preso \u00e0s ferragens ap\u00f3s a carreta que conduzia tombar na BR-116, em Al\u00e9m Para\u00edba (a aproximadamente 127Km de Juiz de Fora), na tarde desse domingo, 4. Corpo de Bombeiros, SAMU, PRF e Pol\u00edcia Militar atenderam a ocorr\u00eancia.<\/p>\n<p>O 4\u00ba Pelot\u00e3o BM de Leopoldina, Corpo de Bombeiros de Carmo (RJ) e SAMU foram acionados para socorrer a v\u00edtima, que foi levada para o Hospital S\u00e3o Salvador. O homem foi encaminhado com ferimentos graves nas pernas devido ao acidente.<\/p>\n<p>Segundo o Corpo de Bombeiros, a carreta, que estava carregada de placas de madeira, tombou por volta das 15h40, em uma curva no Km 620 daquela rodovia. Chovia no momento do acidente. O ve\u00edculo, que seguia sentido Leopoldina, teve a carga derramada em um barranco ao lado do acostamento da via, que n\u00e3o precisou ser interditada. As causas do acidente ser\u00e3o investigadas.<\/p>\n<p>&nbsp;<\/p>\n<p>Fonte: O Vigilante Online<\/p>\n","protected":false},"excerpt":{"rendered":"<p>Um motorista ficou preso \u00e0s ferragens ap\u00f3s a carreta que conduzia tombar na BR-116, em Al\u00e9m Para\u00edba (a aproximadamente 127Km de Juiz de Fora), na tarde desse domingo, 4. Corpo de Bombeiros, SAMU, PRF e Pol\u00edcia Militar atenderam a ocorr\u00eancia. O 4\u00ba Pelot\u00e3o BM de Leopoldina, Corpo de Bombeiros de Carmo (RJ) e SAMU foram [&hellip;]<\/p>\n","protected":false},"author":96,"featured_media":91237,"comment_status":"closed","ping_status":"closed","sticky":false,"template":"","format":"standard","meta":{"footnotes":""},"categories":[252],"tags":[],"class_list":["post-91238","post","type-post","status-publish","format-standard","has-post-thumbnail","hentry","category-regiao"],"_links":{"self":[{"href":"https:\/\/diarioregionaldigital.com.br\/index.php?rest_route=\/wp\/v2\/posts\/91238","targetHints":{"allow":["GET"]}}],"collection":[{"href":"https:\/\/diarioregionaldigital.com.br\/index.php?rest_route=\/wp\/v2\/posts"}],"about":[{"href":"https:\/\/diarioregionaldigital.com.br\/index.php?rest_route=\/wp\/v2\/types\/post"}],"author":[{"embeddable":true,"href":"https:\/\/diarioregionaldigital.com.br\/index.php?rest_route=\/wp\/v2\/users\/96"}],"replies":[{"embeddable":true,"href":"https:\/\/diarioregionaldigital.com.br\/index.php?rest_route=%2Fwp%2Fv2%2Fcomments&post=91238"}],"version-history":[{"count":0,"href":"https:\/\/diarioregionaldigital.com.br\/index.php?rest_route=\/wp\/v2\/posts\/91238\/revisions"}],"wp:featuredmedia":[{"embeddable":true,"href":"https:\/\/diarioregionaldigital.com.br\/index.php?rest_route=\/wp\/v2\/media\/91237"}],"wp:attachment":[{"href":"https:\/\/diarioregionaldigital.com.br\/index.php?rest_route=%2Fwp%2Fv2%2Fmedia&parent=91238"}],"wp:term":[{"taxonomy":"category","embeddable":true,"href":"https:\/\/diarioregionaldigital.com.br\/index.php?rest_route=%2Fwp%2Fv2%2Fcategories&post=91238"},{"taxonomy":"post_tag","embeddable":true,"href":"https:\/\/diarioregionaldigital.com.br\/index.php?rest_route=%2Fwp%2Fv2%2Ftags&post=91238"}],"curies":[{"name":"wp","href":"https:\/\/api.w.org\/{rel}","templated":true}]}}