{"id":91234,"date":"2018-02-05T18:03:38","date_gmt":"2018-02-05T20:03:38","guid":{"rendered":"http:\/\/diarioregionaljf.com.br\/2018\/02\/05\/marun-diz-que-governo-vai-insistir-na-posse-de-cristiane-brasil-como-ministra\/"},"modified":"2018-02-05T18:03:38","modified_gmt":"2018-02-05T20:03:38","slug":"marun-diz-que-governo-vai-insistir-na-posse-de-cristiane-brasil-como-ministra","status":"publish","type":"post","link":"https:\/\/diarioregionaldigital.com.br\/?p=91234","title":{"rendered":"Marun diz que governo vai insistir na posse de Cristiane Brasil como ministra"},"content":{"rendered":"<p>O ministro da Secretaria de Governo, Carlos Marun, afirmou nessa segunda-feira, 5, que o governo n\u00e3o vai recuar da indica\u00e7\u00e3o da deputada federal Cristiane Brasil, do PTB, para o cargo de ministra do Trabalho. Segundo ele, n\u00e3o h\u00e1 a inten\u00e7\u00e3o de pedir que o partido sugira outro nome para assumir o minist\u00e9rio.<\/p>\n<p>A nomea\u00e7\u00e3o de Cristiane Brasil foi publicada no Di\u00e1rio Oficial da Uni\u00e3o, mas a posse foi suspensa por decis\u00e3o judicial.<\/p>\n<p>\u201cO governo continua insistindo no reconhecimento da privativa prerrogativa do presidente Temer prevista na Constitui\u00e7\u00e3o de nomear seus ministros\u201d, disse Marun em entrevista a jornalistas.<\/p>\n<p>O ministro foi questionado sobre not\u00edcias publicadas pela imprensa neste fim de semana sobre um inqu\u00e9rito em que Cristiane seria investigada por suposta associa\u00e7\u00e3o ao tr\u00e1fico e a divulga\u00e7\u00e3o de um \u00e1udio de 2014 em que ela cobraria votos de servidores p\u00fablicos. Ele respondeu que agora o governo est\u00e1 numa luta maior que \u00e9 pelo reconhecimento da prerrogativa constitucional do presidente de nomear ministros.<\/p>\n<p>Carlos Marun disse ainda que n\u00e3o h\u00e1 nada que efetivamente prejudique a imagem de Cristiane Brasil. \u201cO fato de algu\u00e9m ter perdido uma a\u00e7\u00e3o trabalhista n\u00e3o significa que essa pessoa seja imoral.\u201d<\/p>\n<p>No fim de semana, a assessoria da deputada divulgou nota informando que o referido inqu\u00e9rito sobre associa\u00e7\u00e3o ao tr\u00e1fico foi aberto baseado em uma den\u00fancia an\u00f4nima durante a campanha eleitoral de 2010, ano em que Cristine sequer foi candidata. \u201cA deputada afirma que n\u00e3o foi ouvida no inqu\u00e9rito e nega veementemente que teve contato com qualquer criminoso\u201d, diz o texto. De acordo com as informa\u00e7\u00f5es veiculadas pela imprensa, a den\u00fancia seria de que assessores de Cristiane Brasil teriam pago traficantes para ter direito exclusivo a fazer campanha em uma comunidade do Rio de Janeiro.<\/p>\n<p>Fonte: Ag\u00eancia Brasil<\/p>\n","protected":false},"excerpt":{"rendered":"<p>O ministro da Secretaria de Governo, Carlos Marun, afirmou nessa segunda-feira, 5, que o governo n\u00e3o vai recuar da indica\u00e7\u00e3o da deputada federal Cristiane Brasil, do PTB, para o cargo de ministra do Trabalho. Segundo ele, n\u00e3o h\u00e1 a inten\u00e7\u00e3o de pedir que o partido sugira outro nome para assumir o minist\u00e9rio. A nomea\u00e7\u00e3o de [&hellip;]<\/p>\n","protected":false},"author":96,"featured_media":91233,"comment_status":"closed","ping_status":"closed","sticky":false,"template":"","format":"standard","meta":{"footnotes":""},"categories":[254],"tags":[],"class_list":["post-91234","post","type-post","status-publish","format-standard","has-post-thumbnail","hentry","category-politica"],"_links":{"self":[{"href":"https:\/\/diarioregionaldigital.com.br\/index.php?rest_route=\/wp\/v2\/posts\/91234","targetHints":{"allow":["GET"]}}],"collection":[{"href":"https:\/\/diarioregionaldigital.com.br\/index.php?rest_route=\/wp\/v2\/posts"}],"about":[{"href":"https:\/\/diarioregionaldigital.com.br\/index.php?rest_route=\/wp\/v2\/types\/post"}],"author":[{"embeddable":true,"href":"https:\/\/diarioregionaldigital.com.br\/index.php?rest_route=\/wp\/v2\/users\/96"}],"replies":[{"embeddable":true,"href":"https:\/\/diarioregionaldigital.com.br\/index.php?rest_route=%2Fwp%2Fv2%2Fcomments&post=91234"}],"version-history":[{"count":0,"href":"https:\/\/diarioregionaldigital.com.br\/index.php?rest_route=\/wp\/v2\/posts\/91234\/revisions"}],"wp:featuredmedia":[{"embeddable":true,"href":"https:\/\/diarioregionaldigital.com.br\/index.php?rest_route=\/wp\/v2\/media\/91233"}],"wp:attachment":[{"href":"https:\/\/diarioregionaldigital.com.br\/index.php?rest_route=%2Fwp%2Fv2%2Fmedia&parent=91234"}],"wp:term":[{"taxonomy":"category","embeddable":true,"href":"https:\/\/diarioregionaldigital.com.br\/index.php?rest_route=%2Fwp%2Fv2%2Fcategories&post=91234"},{"taxonomy":"post_tag","embeddable":true,"href":"https:\/\/diarioregionaldigital.com.br\/index.php?rest_route=%2Fwp%2Fv2%2Ftags&post=91234"}],"curies":[{"name":"wp","href":"https:\/\/api.w.org\/{rel}","templated":true}]}}