{"id":91232,"date":"2018-02-05T17:58:46","date_gmt":"2018-02-05T19:58:46","guid":{"rendered":"http:\/\/diarioregionaljf.com.br\/2018\/02\/05\/governo-de-minas-gerais-viabiliza-criacao-de-bibliotecas-em-pequenas-localidades-do-estado\/"},"modified":"2018-02-05T17:58:46","modified_gmt":"2018-02-05T19:58:46","slug":"governo-de-minas-gerais-viabiliza-criacao-de-bibliotecas-em-pequenas-localidades-do-estado","status":"publish","type":"post","link":"https:\/\/diarioregionaldigital.com.br\/?p=91232","title":{"rendered":"Governo de Minas Gerais viabiliza cria\u00e7\u00e3o de bibliotecas em pequenas localidades do estado"},"content":{"rendered":"<p>Os moradores da pequena Lobo Leite, distrito rural de Congonhas, agora t\u00eam acesso a um mundo inteiro e nem precisam sair daquele cantinho de Minas Gerais, localizado no Territ\u00f3rio Central. Recentemente, a comunidade recebeu a Biblioteca C\u00f4nego Lu\u00eds Vieira da Silva, ao dispor de todos, viabilizada pelo Governo de Minas Gerais, por meio da Secretaria de Estado de Cultura.<\/p>\n<p>O munic\u00edpio venceu o edital de Cria\u00e7\u00e3o de Bibliotecas edi\u00e7\u00e3o de 2016 e teve o espa\u00e7o inaugurado no fim do ano passado. O local escolhido para abrigar o kit foi a antiga esta\u00e7\u00e3o ferrovi\u00e1ria do distrito, que j\u00e1 abriga um ateli\u00ea e feira de artesanato.<\/p>\n<p>O espa\u00e7o recebeu um acervo de cerca de mil itens, entre livros em impress\u00e3o comum e Braille, peri\u00f3dicos, CDs, DVDs e audiolivros, totalizando cerca de R$40 mil em recursos.<\/p>\n<p>A rela\u00e7\u00e3o da comunidade de Lobo Leite com a leitura j\u00e1 vem sendo trabalhada e estreitada ao longo dos anos. Uma das protagonistas dessa cena \u00e9 a professora da rede p\u00fablica Maria Efig\u00eania Santana Peixoto. \u201cRealizamos um projeto chamado Esta\u00e7\u00e3o da Leitura h\u00e1 quatro anos. \u00c9 uma edi\u00e7\u00e3o por ano em que a comunidade se volta toda para a mesma tem\u00e1tica do incentivo \u00e0 leitura. Levamos autores para rodas de conversa. Tem tamb\u00e9m uma atividade muito legal em que o participante l\u00ea um livro e depois recebe o autor para um momento de aut\u00f3grafos. Neste evento sempre recebemos muitas doa\u00e7\u00f5es de livros, que agora v\u00e3o se somar ao acervo adquirido com a participa\u00e7\u00e3o do edital\u201d, diz a professora.<\/p>\n<p>Para as crian\u00e7as de Lobo Leite as experi\u00eancias novas e interativas provocam encantamento. Maria Efig\u00eania conta que os alunos liam as obras e depois se deslumbravam ao conhecer, pessoalmente, os criadores das est\u00f3rias que os marcaram.<\/p>\n<p>Sobre a nova biblioteca, a professora comemora o sucesso da iniciativa. \u201cO espa\u00e7o vive cheio de gente estudando, lendo, admirando os novos materiais. Tem at\u00e9 fila de espera para alguns t\u00edtulos. \u00c9 bonito ver \u201d.<\/p>\n<p>&nbsp;<\/p>\n<h4>NOVAS EDI\u00c7\u00d5ES<\/h4>\n<p>Para novas bibliotecas, o edital 2017\/2018 est\u00e1 com inscri\u00e7\u00f5es abertas at\u00e9 10 de fevereiro e podem ser feitas neste <a href=\"http:\/\/www.cultura.mg.gov.br\/component\/gmg\/story\/4668-edital-de-criacao-de-bibliotecas-publicas-esta-com-inscricoes-abertas\" target=\"_blank\" rel=\"noopener noreferrer\">link<\/a>.<\/p>\n<p>Iniciativa da Secretaria de Estado de Cultura, por meio da Superintend\u00eancia de Bibliotecas P\u00fablicas e Suplemento Liter\u00e1rio, o certame ir\u00e1 selecionar tr\u00eas propostas e cada uma delas vai receber um acervo de, no m\u00ednimo, mil itens, entre livros em impress\u00e3o comum e Braille, peri\u00f3dicos, CDs, DVDs e audiolivros, totalizando cerca de R$ 40 mil em recursos por munic\u00edpio.<\/p>\n<p>A sele\u00e7\u00e3o \u00e9 destinada prioritariamente \u00e0s cidades que ainda n\u00e3o possuem uma biblioteca p\u00fablica. Os munic\u00edpios que j\u00e1 possuem o equipamento cultural tamb\u00e9m est\u00e3o aptos a participar, desde que a proposta vise a cria\u00e7\u00e3o de uma sucursal em distritos ou zona rural. As inscri\u00e7\u00f5es devem ser realizadas presencialmente na Biblioteca P\u00fablica Estadual de Minas Gerais ou enviadas pelos correios.<\/p>\n<p>Desde 2015, Congonhas, Formiga, Uberaba, A\u00e7ucena, Brumadinho, Perdizes, Pot\u00e9, Senhora dos Rem\u00e9dios, Po\u00e7os de Caldas, Paula C\u00e2ndido, Ara\u00e7ua\u00ed e Tiros receberam novas bibliotecas. Ainda faltam os munic\u00edpios de C\u00f3rrego Danta, Jaboticatubas e Belo Vale, que tamb\u00e9m foram contemplados pelo \u00faltimo edital e ter\u00e3o novos espa\u00e7os dedicados aos livros.<\/p>\n<p>&nbsp;<\/p>\n<p>Fonte: Ag\u00eancia Minas<\/p>\n","protected":false},"excerpt":{"rendered":"<p>Os moradores da pequena Lobo Leite, distrito rural de Congonhas, agora t\u00eam acesso a um mundo inteiro e nem precisam sair daquele cantinho de Minas Gerais, localizado no Territ\u00f3rio Central. Recentemente, a comunidade recebeu a Biblioteca C\u00f4nego Lu\u00eds Vieira da Silva, ao dispor de todos, viabilizada pelo Governo de Minas Gerais, por meio da Secretaria [&hellip;]<\/p>\n","protected":false},"author":96,"featured_media":91231,"comment_status":"closed","ping_status":"closed","sticky":false,"template":"","format":"standard","meta":{"footnotes":""},"categories":[256],"tags":[],"class_list":["post-91232","post","type-post","status-publish","format-standard","has-post-thumbnail","hentry","category-cultura"],"_links":{"self":[{"href":"https:\/\/diarioregionaldigital.com.br\/index.php?rest_route=\/wp\/v2\/posts\/91232","targetHints":{"allow":["GET"]}}],"collection":[{"href":"https:\/\/diarioregionaldigital.com.br\/index.php?rest_route=\/wp\/v2\/posts"}],"about":[{"href":"https:\/\/diarioregionaldigital.com.br\/index.php?rest_route=\/wp\/v2\/types\/post"}],"author":[{"embeddable":true,"href":"https:\/\/diarioregionaldigital.com.br\/index.php?rest_route=\/wp\/v2\/users\/96"}],"replies":[{"embeddable":true,"href":"https:\/\/diarioregionaldigital.com.br\/index.php?rest_route=%2Fwp%2Fv2%2Fcomments&post=91232"}],"version-history":[{"count":0,"href":"https:\/\/diarioregionaldigital.com.br\/index.php?rest_route=\/wp\/v2\/posts\/91232\/revisions"}],"wp:featuredmedia":[{"embeddable":true,"href":"https:\/\/diarioregionaldigital.com.br\/index.php?rest_route=\/wp\/v2\/media\/91231"}],"wp:attachment":[{"href":"https:\/\/diarioregionaldigital.com.br\/index.php?rest_route=%2Fwp%2Fv2%2Fmedia&parent=91232"}],"wp:term":[{"taxonomy":"category","embeddable":true,"href":"https:\/\/diarioregionaldigital.com.br\/index.php?rest_route=%2Fwp%2Fv2%2Fcategories&post=91232"},{"taxonomy":"post_tag","embeddable":true,"href":"https:\/\/diarioregionaldigital.com.br\/index.php?rest_route=%2Fwp%2Fv2%2Ftags&post=91232"}],"curies":[{"name":"wp","href":"https:\/\/api.w.org\/{rel}","templated":true}]}}