{"id":91230,"date":"2018-02-05T17:55:27","date_gmt":"2018-02-05T19:55:27","guid":{"rendered":"http:\/\/diarioregionaljf.com.br\/2018\/02\/05\/stf-arquiva-inquerito-contra-senador-romero-juca\/"},"modified":"2018-02-05T17:55:27","modified_gmt":"2018-02-05T19:55:27","slug":"stf-arquiva-inquerito-contra-senador-romero-juca","status":"publish","type":"post","link":"https:\/\/diarioregionaldigital.com.br\/?p=91230","title":{"rendered":"STF arquiva inqu\u00e9rito contra senador Romero Juc\u00e1"},"content":{"rendered":"<p>O ministro do Supremo Tribunal Federal (STF) Marco Aur\u00e9lio determinou nessa segunda-feira, 5, o arquivamento de um inqu\u00e9rito aberto em 2004 contra o senador Romero Juc\u00e1 (PMDB-RR). O pedido de arquivamento foi feito pela Procuradoria-Geral da Rep\u00fablica (PGR) em fun\u00e7\u00e3o da prescri\u00e7\u00e3o da pretens\u00e3o punitiva.<\/p>\n<p>O inqu\u00e9rito apurava o envolvimento do senador em um suposto esquema de desvios de recursos oriundos de emendas parlamentares para o munic\u00edpio de Cant\u00e1 (RR) em troca de vantagens indevidas, entre 1999 e 2001.<\/p>\n<p>Ao solicitar o arquivamento, a PGR afirmou que os dados colhidos durante as investiga\u00e7\u00f5es foram insuficientes para &#8220;colher elementos indicativos ou comprobat\u00f3rios&#8221; da pr\u00e1tica de delitos. Para a procuradoria, a prescri\u00e7\u00e3o da pretens\u00e3o punitiva ocorreu em 2017, 16 anos ap\u00f3s a data dos supostos crimes.<\/p>\n<p>Fonte: Ag\u00eancia Brasil<\/p>\n","protected":false},"excerpt":{"rendered":"<p>O ministro do Supremo Tribunal Federal (STF) Marco Aur\u00e9lio determinou nessa segunda-feira, 5, o arquivamento de um inqu\u00e9rito aberto em 2004 contra o senador Romero Juc\u00e1 (PMDB-RR). O pedido de arquivamento foi feito pela Procuradoria-Geral da Rep\u00fablica (PGR) em fun\u00e7\u00e3o da prescri\u00e7\u00e3o da pretens\u00e3o punitiva. O inqu\u00e9rito apurava o envolvimento do senador em um suposto [&hellip;]<\/p>\n","protected":false},"author":96,"featured_media":91229,"comment_status":"closed","ping_status":"closed","sticky":false,"template":"","format":"standard","meta":{"footnotes":""},"categories":[254],"tags":[],"class_list":["post-91230","post","type-post","status-publish","format-standard","has-post-thumbnail","hentry","category-politica"],"_links":{"self":[{"href":"https:\/\/diarioregionaldigital.com.br\/index.php?rest_route=\/wp\/v2\/posts\/91230","targetHints":{"allow":["GET"]}}],"collection":[{"href":"https:\/\/diarioregionaldigital.com.br\/index.php?rest_route=\/wp\/v2\/posts"}],"about":[{"href":"https:\/\/diarioregionaldigital.com.br\/index.php?rest_route=\/wp\/v2\/types\/post"}],"author":[{"embeddable":true,"href":"https:\/\/diarioregionaldigital.com.br\/index.php?rest_route=\/wp\/v2\/users\/96"}],"replies":[{"embeddable":true,"href":"https:\/\/diarioregionaldigital.com.br\/index.php?rest_route=%2Fwp%2Fv2%2Fcomments&post=91230"}],"version-history":[{"count":0,"href":"https:\/\/diarioregionaldigital.com.br\/index.php?rest_route=\/wp\/v2\/posts\/91230\/revisions"}],"wp:featuredmedia":[{"embeddable":true,"href":"https:\/\/diarioregionaldigital.com.br\/index.php?rest_route=\/wp\/v2\/media\/91229"}],"wp:attachment":[{"href":"https:\/\/diarioregionaldigital.com.br\/index.php?rest_route=%2Fwp%2Fv2%2Fmedia&parent=91230"}],"wp:term":[{"taxonomy":"category","embeddable":true,"href":"https:\/\/diarioregionaldigital.com.br\/index.php?rest_route=%2Fwp%2Fv2%2Fcategories&post=91230"},{"taxonomy":"post_tag","embeddable":true,"href":"https:\/\/diarioregionaldigital.com.br\/index.php?rest_route=%2Fwp%2Fv2%2Ftags&post=91230"}],"curies":[{"name":"wp","href":"https:\/\/api.w.org\/{rel}","templated":true}]}}