{"id":91226,"date":"2018-02-05T17:43:15","date_gmt":"2018-02-05T19:43:15","guid":{"rendered":"http:\/\/diarioregionaljf.com.br\/2018\/02\/05\/corpo-de-vitima-de-acidente-de-transito-segue-sem-identificacao-no-iml-de-juiz-de-fora\/"},"modified":"2018-02-05T17:43:15","modified_gmt":"2018-02-05T19:43:15","slug":"corpo-de-vitima-de-acidente-de-transito-segue-sem-identificacao-no-iml-de-juiz-de-fora","status":"publish","type":"post","link":"https:\/\/diarioregionaldigital.com.br\/?p=91226","title":{"rendered":"Corpo de v\u00edtima de acidente de tr\u00e2nsito segue sem identifica\u00e7\u00e3o no IML de Juiz de Fora"},"content":{"rendered":"<p>Segue sem identifica\u00e7\u00e3o, no Instituto M\u00e9dico Legal (IML) de Juiz de Fora, o corpo de um homem, v\u00edtima de um acidente de tr\u00e2nsito ocorrido no Km 63 da BR-267 nesse s\u00e1bado, 3.<\/p>\n<p>De acordo com informa\u00e7\u00f5es da Pol\u00edcia Civil (PC), o homem tem aproximadamente 40 anos; 1,70m, bigode e cavanhaque, \u00e9 magro, negro e estava vestindo camiseta verde e bermuda camuflada.<\/p>\n<p>A PC pede que, quem tiver informa\u00e7\u00f5es sobre a v\u00edtima, entre em contato com o IML, que funciona na Rua Carolina Coelho, n\u00ba 56, Bairro Granbery.<\/p>\n","protected":false},"excerpt":{"rendered":"<p>Segue sem identifica\u00e7\u00e3o, no Instituto M\u00e9dico Legal (IML) de Juiz de Fora, o corpo de um homem, v\u00edtima de um acidente de tr\u00e2nsito ocorrido no Km 63 da BR-267 nesse s\u00e1bado, 3. De acordo com informa\u00e7\u00f5es da Pol\u00edcia Civil (PC), o homem tem aproximadamente 40 anos; 1,70m, bigode e cavanhaque, \u00e9 magro, negro e estava [&hellip;]<\/p>\n","protected":false},"author":96,"featured_media":91225,"comment_status":"closed","ping_status":"closed","sticky":false,"template":"","format":"standard","meta":{"footnotes":""},"categories":[253],"tags":[],"class_list":["post-91226","post","type-post","status-publish","format-standard","has-post-thumbnail","hentry","category-cidade"],"_links":{"self":[{"href":"https:\/\/diarioregionaldigital.com.br\/index.php?rest_route=\/wp\/v2\/posts\/91226","targetHints":{"allow":["GET"]}}],"collection":[{"href":"https:\/\/diarioregionaldigital.com.br\/index.php?rest_route=\/wp\/v2\/posts"}],"about":[{"href":"https:\/\/diarioregionaldigital.com.br\/index.php?rest_route=\/wp\/v2\/types\/post"}],"author":[{"embeddable":true,"href":"https:\/\/diarioregionaldigital.com.br\/index.php?rest_route=\/wp\/v2\/users\/96"}],"replies":[{"embeddable":true,"href":"https:\/\/diarioregionaldigital.com.br\/index.php?rest_route=%2Fwp%2Fv2%2Fcomments&post=91226"}],"version-history":[{"count":0,"href":"https:\/\/diarioregionaldigital.com.br\/index.php?rest_route=\/wp\/v2\/posts\/91226\/revisions"}],"wp:featuredmedia":[{"embeddable":true,"href":"https:\/\/diarioregionaldigital.com.br\/index.php?rest_route=\/wp\/v2\/media\/91225"}],"wp:attachment":[{"href":"https:\/\/diarioregionaldigital.com.br\/index.php?rest_route=%2Fwp%2Fv2%2Fmedia&parent=91226"}],"wp:term":[{"taxonomy":"category","embeddable":true,"href":"https:\/\/diarioregionaldigital.com.br\/index.php?rest_route=%2Fwp%2Fv2%2Fcategories&post=91226"},{"taxonomy":"post_tag","embeddable":true,"href":"https:\/\/diarioregionaldigital.com.br\/index.php?rest_route=%2Fwp%2Fv2%2Ftags&post=91226"}],"curies":[{"name":"wp","href":"https:\/\/api.w.org\/{rel}","templated":true}]}}