{"id":91224,"date":"2018-02-05T17:31:07","date_gmt":"2018-02-05T19:31:07","guid":{"rendered":"http:\/\/diarioregionaljf.com.br\/2018\/02\/05\/forum-da-cultura-lanca-edital-para-ocupacao-da-galeria-de-arte\/"},"modified":"2018-02-05T17:31:07","modified_gmt":"2018-02-05T19:31:07","slug":"forum-da-cultura-lanca-edital-para-ocupacao-da-galeria-de-arte","status":"publish","type":"post","link":"https:\/\/diarioregionaldigital.com.br\/?p=91224","title":{"rendered":"Forum da Cultura lan\u00e7a edital para ocupa\u00e7\u00e3o da Galeria de Arte"},"content":{"rendered":"<p>Est\u00e3o abertas as <a href=\"http:\/\/www.ufjf.br\/forumdacultura\/files\/2018\/01\/2018-Edital-Galeria-de-Arte.pdf\" target=\"_blank\" rel=\"noopener noreferrer\">inscri\u00e7\u00f5es para ocupa\u00e7\u00e3o da Galeria de Arte do Forum da Cultura da Universidade Federal de Juiz de Fora (UFJF)<\/a>. Os interessados podem fazer a inscri\u00e7\u00e3o pessoalmente, na secretaria do Forum da Cultura, de segunda a sexta-feira, das 14h \u00e0s 18h, at\u00e9 2 de mar\u00e7o. Os projetos tamb\u00e9m podem ser enviados pelos Correios &#8211; Forum da Cultura, Rua Santo Ant\u00f4nio, n\u00ba 1.112, Juiz de Fora\/MG &#8211; CEP 36016210 -, observando o prazo final fixado para a postagem.<\/p>\n<p>O edital tem intuito de oportunizar a difus\u00e3o de trabalhos de artistas jovens ou consagrados, dos mais diversos estilos. Poder\u00e3o participar artistas e curadores em mostras individuais ou coletivas.<\/p>\n<p>Os interessados dever\u00e3o enviar o curr\u00edculo atualizado e a ficha de inscri\u00e7\u00e3o (o modelo se encontra para download no <a href=\"http:\/\/www.ufjf.br\/forumdacultura\/\" target=\"_blank\" rel=\"noopener noreferrer\">site do Forum da Cultura<\/a>), apresentando claramente a proposta para a mostra (relatar os objetivos pretendidos para a exposi\u00e7\u00e3o; quantas obras pretende expor; a categoria delas; se s\u00e3o in\u00e9ditas ou n\u00e3o; as t\u00e9cnicas; as tem\u00e1ticas), com documenta\u00e7\u00e3o fotogr\u00e1fica das obras e de outras produ\u00e7\u00f5es. O resultado ser\u00e1 divulgado no dia 21 de mar\u00e7o, no site do Forum da Cultura.<\/p>\n<p>&nbsp;<\/p>\n<h4>A GALERIA<\/h4>\n<p>A Galeria de Arte, localizada no segundo pavimento do Forum da Cultura, \u00e9 o espa\u00e7o onde o p\u00fablico aguarda a abertura do Sal\u00e3o do Teatro. Instalada num local privilegiado, abriga uma produ\u00e7\u00e3o ecl\u00e9tica com exposi\u00e7\u00f5es de artes pl\u00e1sticas, documentais e pedag\u00f3gicas.<\/p>\n<p>Em um espa\u00e7o acolhedor, tem tr\u00eas linhas de a\u00e7\u00e3o. A primeira dedica-se ao resgate da pintura juiz-forana; a segunda, a novos talentos abrindo espa\u00e7o para carreiras iniciantes; e a terceira volta-se para a iconografia das artes c\u00eanicas.<\/p>\n<p>&nbsp;<\/p>\n<p>Fonte: Assessoria<\/p>\n","protected":false},"excerpt":{"rendered":"<p>Est\u00e3o abertas as inscri\u00e7\u00f5es para ocupa\u00e7\u00e3o da Galeria de Arte do Forum da Cultura da Universidade Federal de Juiz de Fora (UFJF). Os interessados podem fazer a inscri\u00e7\u00e3o pessoalmente, na secretaria do Forum da Cultura, de segunda a sexta-feira, das 14h \u00e0s 18h, at\u00e9 2 de mar\u00e7o. Os projetos tamb\u00e9m podem ser enviados pelos Correios [&hellip;]<\/p>\n","protected":false},"author":96,"featured_media":91223,"comment_status":"closed","ping_status":"closed","sticky":false,"template":"","format":"standard","meta":{"footnotes":""},"categories":[256],"tags":[],"class_list":["post-91224","post","type-post","status-publish","format-standard","has-post-thumbnail","hentry","category-cultura"],"_links":{"self":[{"href":"https:\/\/diarioregionaldigital.com.br\/index.php?rest_route=\/wp\/v2\/posts\/91224","targetHints":{"allow":["GET"]}}],"collection":[{"href":"https:\/\/diarioregionaldigital.com.br\/index.php?rest_route=\/wp\/v2\/posts"}],"about":[{"href":"https:\/\/diarioregionaldigital.com.br\/index.php?rest_route=\/wp\/v2\/types\/post"}],"author":[{"embeddable":true,"href":"https:\/\/diarioregionaldigital.com.br\/index.php?rest_route=\/wp\/v2\/users\/96"}],"replies":[{"embeddable":true,"href":"https:\/\/diarioregionaldigital.com.br\/index.php?rest_route=%2Fwp%2Fv2%2Fcomments&post=91224"}],"version-history":[{"count":0,"href":"https:\/\/diarioregionaldigital.com.br\/index.php?rest_route=\/wp\/v2\/posts\/91224\/revisions"}],"wp:featuredmedia":[{"embeddable":true,"href":"https:\/\/diarioregionaldigital.com.br\/index.php?rest_route=\/wp\/v2\/media\/91223"}],"wp:attachment":[{"href":"https:\/\/diarioregionaldigital.com.br\/index.php?rest_route=%2Fwp%2Fv2%2Fmedia&parent=91224"}],"wp:term":[{"taxonomy":"category","embeddable":true,"href":"https:\/\/diarioregionaldigital.com.br\/index.php?rest_route=%2Fwp%2Fv2%2Fcategories&post=91224"},{"taxonomy":"post_tag","embeddable":true,"href":"https:\/\/diarioregionaldigital.com.br\/index.php?rest_route=%2Fwp%2Fv2%2Ftags&post=91224"}],"curies":[{"name":"wp","href":"https:\/\/api.w.org\/{rel}","templated":true}]}}