{"id":91222,"date":"2018-02-05T17:30:17","date_gmt":"2018-02-05T19:30:17","guid":{"rendered":"http:\/\/diarioregionaljf.com.br\/2018\/02\/05\/portugal-registra-temperaturas-negativas-em-uma-semana-de-muito-frio\/"},"modified":"2018-02-05T17:30:17","modified_gmt":"2018-02-05T19:30:17","slug":"portugal-registra-temperaturas-negativas-em-uma-semana-de-muito-frio","status":"publish","type":"post","link":"https:\/\/diarioregionaldigital.com.br\/?p=91222","title":{"rendered":"Portugal registra temperaturas negativas em uma semana de muito frio"},"content":{"rendered":"<p>O territ\u00f3rio continental portugu\u00eas come\u00e7ou essa semana com uma grande onda de frio. A previs\u00e3o \u00e9 que as temperaturas caiam no pa\u00eds ao longo dos pr\u00f3ximos dias, chegando a marcar 7\u00ba C negativos no interior. A C\u00e2mara de Lisboa lan\u00e7ou um plano de conting\u00eancia para ajudar pessoas desabrigadas.<\/p>\n<p>De acordo com o Instituto Portugu\u00eas do Mar e da Atmosfera (IPMA), as fortes rajadas de vento v\u00e3o agravar a sensa\u00e7\u00e3o t\u00e9rmica e neve vai cair nas terras altas (regi\u00f5es acima dos 600\/800 metros de altitude), onde o vento pode atingir 70 km\/h. O \u00f3rg\u00e3o alerta ainda para a forma\u00e7\u00e3o de gelo ou geada, principalmente no norte e no centro do pa\u00eds.<\/p>\n<p>Todos os distritos de Portugal (exceto o arquip\u00e9lago dos A\u00e7ores) est\u00e3o a partir dessa segunda-feira, 5, sob aviso amarelo devido \u00e0s baixas temperaturas. O aviso amarelo alerta para situa\u00e7\u00e3o de risco em determinadas atividades dependentes da situa\u00e7\u00e3o meteorol\u00f3gica.<\/p>\n<p>&#8220;Uma vasta regi\u00e3o anticicl\u00f4nica, localizada na regi\u00e3o dos A\u00e7ores e uma depress\u00e3o sobre a Pen\u00ednsula Ib\u00e9rica, v\u00e3o continuar a dar origem ao transporte de uma massa de ar muito frio e seco sobre o territ\u00f3rio do continente ao longo da pr\u00f3xima semana&#8221;, afirmou o IPMA, em comunicado.<\/p>\n<p>&nbsp;<\/p>\n<h4>LOCAIS MAIS FRIOS<\/h4>\n<p>Os distritos de Bragan\u00e7a e Guarda ser\u00e3o os que dever\u00e3o registrar as temperaturas mais frias em Portugal, sendo esperado que os term\u00f4metros registrem m\u00ednimas de -3\u00ba C. Em rela\u00e7\u00e3o \u00e0s m\u00e1ximas, os term\u00f4metros n\u00e3o dever\u00e3o ultrapassar os 5\u00ba C nos distritos da Guarda e os 8\u00ba C em Bragan\u00e7a e Viseu.<\/p>\n<p>J\u00e1 Lisboa e Porto ter\u00e3o hoje m\u00e1ximas de 12\u00ba C, embora a m\u00ednima seja de 1\u00baC no Porto e 5\u00ba C na capital. Em Lisboa, a temperatura m\u00ednima cai ao longo da semana, sendo previsto 4\u00ba C para ter\u00e7a-feira e 3\u00ba C para quarta-feira. As m\u00e1ximas ficar\u00e3o entre os 11 e 12 \u00ba C.<\/p>\n<p>As temperaturas muito baixas levaram a C\u00e2mara de Lisboa a acionar um plano de conting\u00eancia para a popula\u00e7\u00e3o sem-abrigo. As esta\u00e7\u00f5es de metr\u00f4 do Rossio, Saldanha, Oriente e Intendente estar\u00e3o abertas durante a noite, a partir de hoje, \u00e0s 19h (hor\u00e1rio local), para receber pessoas desabrigadas.<\/p>\n<p>O Pavilh\u00e3o Municipal Manuel Castelo Branco, localizado na freguesia de S\u00e3o Vicente, tamb\u00e9m estar\u00e1 aberto para proporcionar aos sem-abrigo espa\u00e7os de higiene, comida e agasalhos.<\/p>\n<p>No Porto, a C\u00e2mara avalia hoje a possibilidade de acionar o plano de conting\u00eancia para os que dormem na rua, o que inclui, tal como em Lisboa, a abertura de esta\u00e7\u00f5es de metr\u00f4 e o fornecimento de agasalhos e comidas quentes.<\/p>\n<p>O plano de conting\u00eancia da C\u00e2mara de Lisboa em rela\u00e7\u00e3o ao frio \u00e9 ativado sempre que se verifiquem temperaturas m\u00ednimas de 3\u00ba C ou menos por dois dias consecutivos, mas os crit\u00e9rios podem ser alterados de acordo com a sensa\u00e7\u00e3o t\u00e9rmica registrada.<\/p>\n<p>De acordo com informa\u00e7\u00f5es do site da Estrat\u00e9gia Nacional para a Integra\u00e7\u00e3o de Pessoas em Situa\u00e7\u00e3o de Sem-Abrigo, sempre que a temperatura baixar para patamares de desconforto, ou at\u00e9 de algum risco de sa\u00fade, o munic\u00edpio ir\u00e1 fazer um refor\u00e7o &#8220;seja em n\u00edvel dos centros de abrigo, seja das equipes de rua, refor\u00e7ando a sua presen\u00e7a junto \u00e0 popula\u00e7\u00e3o sem-abrigo, ou abrindo as portas (de esta\u00e7\u00f5es) do metr\u00f4 para que as pessoas possam pernoitar nesses espa\u00e7os com algum conforto t\u00e9rmico&#8221;.<\/p>\n<p>Fonte: Ag\u00eancia Brasil<\/p>\n","protected":false},"excerpt":{"rendered":"<p>O territ\u00f3rio continental portugu\u00eas come\u00e7ou essa semana com uma grande onda de frio. A previs\u00e3o \u00e9 que as temperaturas caiam no pa\u00eds ao longo dos pr\u00f3ximos dias, chegando a marcar 7\u00ba C negativos no interior. A C\u00e2mara de Lisboa lan\u00e7ou um plano de conting\u00eancia para ajudar pessoas desabrigadas. De acordo com o Instituto Portugu\u00eas do [&hellip;]<\/p>\n","protected":false},"author":96,"featured_media":91221,"comment_status":"closed","ping_status":"closed","sticky":false,"template":"","format":"standard","meta":{"footnotes":""},"categories":[302],"tags":[],"class_list":["post-91222","post","type-post","status-publish","format-standard","has-post-thumbnail","hentry","category-brasil-mundo"],"_links":{"self":[{"href":"https:\/\/diarioregionaldigital.com.br\/index.php?rest_route=\/wp\/v2\/posts\/91222","targetHints":{"allow":["GET"]}}],"collection":[{"href":"https:\/\/diarioregionaldigital.com.br\/index.php?rest_route=\/wp\/v2\/posts"}],"about":[{"href":"https:\/\/diarioregionaldigital.com.br\/index.php?rest_route=\/wp\/v2\/types\/post"}],"author":[{"embeddable":true,"href":"https:\/\/diarioregionaldigital.com.br\/index.php?rest_route=\/wp\/v2\/users\/96"}],"replies":[{"embeddable":true,"href":"https:\/\/diarioregionaldigital.com.br\/index.php?rest_route=%2Fwp%2Fv2%2Fcomments&post=91222"}],"version-history":[{"count":0,"href":"https:\/\/diarioregionaldigital.com.br\/index.php?rest_route=\/wp\/v2\/posts\/91222\/revisions"}],"wp:featuredmedia":[{"embeddable":true,"href":"https:\/\/diarioregionaldigital.com.br\/index.php?rest_route=\/wp\/v2\/media\/91221"}],"wp:attachment":[{"href":"https:\/\/diarioregionaldigital.com.br\/index.php?rest_route=%2Fwp%2Fv2%2Fmedia&parent=91222"}],"wp:term":[{"taxonomy":"category","embeddable":true,"href":"https:\/\/diarioregionaldigital.com.br\/index.php?rest_route=%2Fwp%2Fv2%2Fcategories&post=91222"},{"taxonomy":"post_tag","embeddable":true,"href":"https:\/\/diarioregionaldigital.com.br\/index.php?rest_route=%2Fwp%2Fv2%2Ftags&post=91222"}],"curies":[{"name":"wp","href":"https:\/\/api.w.org\/{rel}","templated":true}]}}