{"id":91220,"date":"2018-02-05T17:25:36","date_gmt":"2018-02-05T19:25:36","guid":{"rendered":"http:\/\/diarioregionaljf.com.br\/2018\/02\/05\/alemanha-prorroga-suspensao-do-reagrupamento-familiar-para-refugiados\/"},"modified":"2018-02-05T17:25:36","modified_gmt":"2018-02-05T19:25:36","slug":"alemanha-prorroga-suspensao-do-reagrupamento-familiar-para-refugiados","status":"publish","type":"post","link":"https:\/\/diarioregionaldigital.com.br\/?p=91220","title":{"rendered":"Alemanha prorroga suspens\u00e3o do reagrupamento familiar para refugiados"},"content":{"rendered":"<p>Ap\u00f3s um acalorado debate, o Parlamento alem\u00e3o (Bundestag), prorrogou na sexta-feira, 2, at\u00e9 o final de julho, o projeto de lei que impede que refugiados com permiss\u00e3o de estadia tempor\u00e1ria no pa\u00eds levem seus parentes para a Alemanha. A informa\u00e7\u00e3o \u00e9 da ag\u00eancia de not\u00edcias alem\u00e3 DPA.<\/p>\n<p>Com 376 votos a favor, 298 contra e quatro absten\u00e7\u00f5es, os deputados alem\u00e3es deram luz verde a uma proposta que j\u00e1 havia sido acordada pelo bloco conservador liderado pelo partido Uni\u00e3o Democrata Crist\u00e3 (CDU) da chanceler Angela Merkel e pelo Partido Social-Democrata (SPD), as duas partes que comp\u00f5em o Executivo atual e que aspiram a reeditar um novo acordo de governo de coaliz\u00e3o para os pr\u00f3ximos quatro anos.<\/p>\n<p>&#8220;Nosso compromisso defende a humanidade e a responsabilidade, a integra\u00e7\u00e3o e a limita\u00e7\u00e3o, a generosidade e o realismo&#8221;, afirmou no Bundestag o ministro do Interior, o conservador Thomas de Maizi\u00e8re.<\/p>\n<p>A extens\u00e3o desta medida restritiva, que prevalece na Alemanha desde mar\u00e7o de 2016, foi fortemente criticada por partidos de oposi\u00e7\u00e3o como Os Verdes e os p\u00f3s-comunistas da esquerda, bem como por numerosas organiza\u00e7\u00f5es de direitos humanos e ONGs que ajudam os solicitantes de asilo no pa\u00eds. &#8220;Esta lei \u00e9 arbitr\u00e1ria, moralmente duvidosa e desumana&#8221;, denunciou o l\u00edder parlamentar da esquerda, Dietmar Bartsch.<\/p>\n<p>Desde a sua forma\u00e7\u00e3o, o partido xen\u00f3fobo de extrema-direita Alternativa para a Alemanha (AfD), a terceira for\u00e7a pol\u00edtica do pa\u00eds, foi contra o direito ao reagrupamento familiar para os refugiados na Alemanha e disse que isso deveria acontecer, por exemplo, em \u00e1reas protegidas da S\u00edria e n\u00e3o no territ\u00f3rio alem\u00e3o.<\/p>\n<p>Concretamente, a lei suspende o direito de reunifica\u00e7\u00e3o familiar de refugiados com uma autoriza\u00e7\u00e3o de resid\u00eancia tempor\u00e1ria na Alemanha. Os mais afetados s\u00e3o os cidad\u00e3os da S\u00edria que receberam o asilo tempor\u00e1rio na pot\u00eancia europeia, dado que h\u00e1 guerra em seu pa\u00eds.<\/p>\n<p>At\u00e9 hoje, muitos na Alemanha confiavam que a extens\u00e3o da norma n\u00e3o avan\u00e7asse e os refugiados tivessem um per\u00edodo de quatro meses para solicitar permiss\u00e3o para se reunir-se com seus familiares, porque em 1\u00ba de agosto entra em vigor um novo regulamento de reagrupamento fam\u00edliar.<\/p>\n<p>&nbsp;<\/p>\n<h4>LIMITA\u00c7\u00c3O<\/h4>\n<p>No in\u00edcio da semana passada, em plenas negocia\u00e7\u00f5es para formar um governo de coaliz\u00e3o na Alemanha e depois de muitas idas e vindas, os democratas-crist\u00e3os de Merkel e seu partido irm\u00e3o b\u00e1varo Uni\u00e3o Social Crist\u00e3 (CSU), e o SPD liderado por Martin Schulz chegaram a um acordo sobre a reunifica\u00e7\u00e3o de parentes de refugiados. As tr\u00eas forma\u00e7\u00f5es comprometeram-se a limitar a chegada de um m\u00e1ximo de mil familiares de refugiados por m\u00eas no pa\u00eds a partir de 1\u00ba de agosto.<\/p>\n<p>&#8220;Muitos idealistas consideram este regulamento muito restritivo, mas a solu\u00e7\u00e3o que encontramos \u00e9 razo\u00e1vel, o contingente esperado de mil pessoas por m\u00eas limita o reagrupamento familiar, mas os casos mais extremos continuar\u00e3o a ser levados em considera\u00e7\u00e3o&#8221;, afirmou &nbsp;no Parlamento o ministro Thomas de Maizi\u00e8re.<\/p>\n<p>Os tr\u00eas partidos \u2013 CDU, SPD e CSU &#8211; negociaram na semana passada as bases de uma nova coaliz\u00e3o governamental, seguindo a mesma constela\u00e7\u00e3o que liderou a Alemanha nos \u00faltimos quatro anos.<\/p>\n<p>Fonte: Ag\u00eancia Brasil<\/p>\n","protected":false},"excerpt":{"rendered":"<p>Ap\u00f3s um acalorado debate, o Parlamento alem\u00e3o (Bundestag), prorrogou na sexta-feira, 2, at\u00e9 o final de julho, o projeto de lei que impede que refugiados com permiss\u00e3o de estadia tempor\u00e1ria no pa\u00eds levem seus parentes para a Alemanha. A informa\u00e7\u00e3o \u00e9 da ag\u00eancia de not\u00edcias alem\u00e3 DPA. Com 376 votos a favor, 298 contra e [&hellip;]<\/p>\n","protected":false},"author":96,"featured_media":91219,"comment_status":"closed","ping_status":"closed","sticky":false,"template":"","format":"standard","meta":{"footnotes":""},"categories":[302],"tags":[],"class_list":["post-91220","post","type-post","status-publish","format-standard","has-post-thumbnail","hentry","category-brasil-mundo"],"_links":{"self":[{"href":"https:\/\/diarioregionaldigital.com.br\/index.php?rest_route=\/wp\/v2\/posts\/91220","targetHints":{"allow":["GET"]}}],"collection":[{"href":"https:\/\/diarioregionaldigital.com.br\/index.php?rest_route=\/wp\/v2\/posts"}],"about":[{"href":"https:\/\/diarioregionaldigital.com.br\/index.php?rest_route=\/wp\/v2\/types\/post"}],"author":[{"embeddable":true,"href":"https:\/\/diarioregionaldigital.com.br\/index.php?rest_route=\/wp\/v2\/users\/96"}],"replies":[{"embeddable":true,"href":"https:\/\/diarioregionaldigital.com.br\/index.php?rest_route=%2Fwp%2Fv2%2Fcomments&post=91220"}],"version-history":[{"count":0,"href":"https:\/\/diarioregionaldigital.com.br\/index.php?rest_route=\/wp\/v2\/posts\/91220\/revisions"}],"wp:featuredmedia":[{"embeddable":true,"href":"https:\/\/diarioregionaldigital.com.br\/index.php?rest_route=\/wp\/v2\/media\/91219"}],"wp:attachment":[{"href":"https:\/\/diarioregionaldigital.com.br\/index.php?rest_route=%2Fwp%2Fv2%2Fmedia&parent=91220"}],"wp:term":[{"taxonomy":"category","embeddable":true,"href":"https:\/\/diarioregionaldigital.com.br\/index.php?rest_route=%2Fwp%2Fv2%2Fcategories&post=91220"},{"taxonomy":"post_tag","embeddable":true,"href":"https:\/\/diarioregionaldigital.com.br\/index.php?rest_route=%2Fwp%2Fv2%2Ftags&post=91220"}],"curies":[{"name":"wp","href":"https:\/\/api.w.org\/{rel}","templated":true}]}}