{"id":91216,"date":"2018-02-05T15:38:07","date_gmt":"2018-02-05T17:38:07","guid":{"rendered":"http:\/\/diarioregionaljf.com.br\/2018\/02\/05\/posto-de-combustiveis-e-assaltado-por-dupla-em-moto-no-vitorino-braga\/"},"modified":"2018-02-05T15:38:07","modified_gmt":"2018-02-05T17:38:07","slug":"posto-de-combustiveis-e-assaltado-por-dupla-em-moto-no-vitorino-braga","status":"publish","type":"post","link":"https:\/\/diarioregionaldigital.com.br\/?p=91216","title":{"rendered":"Posto de combust\u00edveis \u00e9 assaltado por dupla em moto no Vitorino Braga"},"content":{"rendered":"<p>Um posto de combust\u00edveis foi assaltado na tarde deste domingo, 4, no bairro Vitorino Braga, localizado na zona Leste.<\/p>\n<p>De acordo com o boletim de ocorr\u00eancias da Pol\u00edcia Militar (PM), dois indiv\u00edduos em uma motocicleta chegaram at\u00e9 o posto, que fica na Rua Vitorino Braga, e anunciaram o assalto.<\/p>\n<p>A dupla estava com uma arma de fogo e ap\u00f3s amea\u00e7as contra o frentista, de 20 anos, roubaram a quantia de R$450 e fugiram.<\/p>\n<p>Os autores n\u00e3o foram encontrados pela PM.<\/p>\n","protected":false},"excerpt":{"rendered":"<p>Um posto de combust\u00edveis foi assaltado na tarde deste domingo, 4, no bairro Vitorino Braga, localizado na zona Leste. De acordo com o boletim de ocorr\u00eancias da Pol\u00edcia Militar (PM), dois indiv\u00edduos em uma motocicleta chegaram at\u00e9 o posto, que fica na Rua Vitorino Braga, e anunciaram o assalto. A dupla estava com uma arma [&hellip;]<\/p>\n","protected":false},"author":96,"featured_media":91215,"comment_status":"closed","ping_status":"closed","sticky":false,"template":"","format":"standard","meta":{"footnotes":""},"categories":[301],"tags":[],"class_list":["post-91216","post","type-post","status-publish","format-standard","has-post-thumbnail","hentry","category-artigos-policiais"],"_links":{"self":[{"href":"https:\/\/diarioregionaldigital.com.br\/index.php?rest_route=\/wp\/v2\/posts\/91216","targetHints":{"allow":["GET"]}}],"collection":[{"href":"https:\/\/diarioregionaldigital.com.br\/index.php?rest_route=\/wp\/v2\/posts"}],"about":[{"href":"https:\/\/diarioregionaldigital.com.br\/index.php?rest_route=\/wp\/v2\/types\/post"}],"author":[{"embeddable":true,"href":"https:\/\/diarioregionaldigital.com.br\/index.php?rest_route=\/wp\/v2\/users\/96"}],"replies":[{"embeddable":true,"href":"https:\/\/diarioregionaldigital.com.br\/index.php?rest_route=%2Fwp%2Fv2%2Fcomments&post=91216"}],"version-history":[{"count":0,"href":"https:\/\/diarioregionaldigital.com.br\/index.php?rest_route=\/wp\/v2\/posts\/91216\/revisions"}],"wp:featuredmedia":[{"embeddable":true,"href":"https:\/\/diarioregionaldigital.com.br\/index.php?rest_route=\/wp\/v2\/media\/91215"}],"wp:attachment":[{"href":"https:\/\/diarioregionaldigital.com.br\/index.php?rest_route=%2Fwp%2Fv2%2Fmedia&parent=91216"}],"wp:term":[{"taxonomy":"category","embeddable":true,"href":"https:\/\/diarioregionaldigital.com.br\/index.php?rest_route=%2Fwp%2Fv2%2Fcategories&post=91216"},{"taxonomy":"post_tag","embeddable":true,"href":"https:\/\/diarioregionaldigital.com.br\/index.php?rest_route=%2Fwp%2Fv2%2Ftags&post=91216"}],"curies":[{"name":"wp","href":"https:\/\/api.w.org\/{rel}","templated":true}]}}