{"id":91214,"date":"2018-02-05T15:20:09","date_gmt":"2018-02-05T17:20:09","guid":{"rendered":"http:\/\/diarioregionaljf.com.br\/2018\/02\/05\/programa-de-internet-gratuita-da-pjf-registra-mais-de-147-mil-usuarios\/"},"modified":"2018-02-05T15:20:09","modified_gmt":"2018-02-05T17:20:09","slug":"programa-de-internet-gratuita-da-pjf-registra-mais-de-147-mil-usuarios","status":"publish","type":"post","link":"https:\/\/diarioregionaldigital.com.br\/?p=91214","title":{"rendered":"Programa de Internet gratuita da PJF registra mais de 147 mil usu\u00e1rios"},"content":{"rendered":"<p>No caminho de ida e volta para a faculdade, a estudante Carine Oliveira reserva alguns minutos para acessar a internet atrav\u00e9s do sinal oferecido pelo programa \u201cJF+Digital\u201d. \u201cSempre que passo pelo Parque Halfeld, aproveito o wi-fi gratuito para acessar minhas redes sociais e ver as not\u00edcias do dia\u201d. J\u00e1 a vendedora Eliane Souza utiliza o servi\u00e7o no hor\u00e1rio de almo\u00e7o. \u201cComo eu trabalho em uma loja na Marechal, \u00e9 comum eu aproveitar um tempinho do meu hor\u00e1rio de almo\u00e7o para usar a internet\u201d.<\/p>\n<p>Desde que foi implantado em Juiz de Fora, em junho de 2015, o \u201cJF+Digital\u201d, programa que disponibiliza internet sem fio (wi-fi) gratuita, sem \u00f4nus para a Prefeitura de Juiz de Fora (PJF), em \u00e1reas p\u00fablicas da cidade, atrav\u00e9s da parceria entre o munic\u00edpio e a empresa Virtual Telecom, j\u00e1 conta com 147.774 usu\u00e1rios cadastrados. At\u00e9 o final de janeiro deste ano, o programa contabilizou 3.130.020 conex\u00f5es.<\/p>\n<p>Com o objetivo de incentivar a inclus\u00e3o digital da popula\u00e7\u00e3o de forma r\u00e1pida, democr\u00e1tica e gratuita, s\u00e3o disponibilizados acessos \u00e0 internet nos seguintes pontos da cidade: Parque Halfeld; pra\u00e7as da Esta\u00e7\u00e3o, Ant\u00f4nio Carlos, Coronel Geremias Garcia (Benfica), do Manoel Hon\u00f3rio, Armando Toschi (Jardim Gl\u00f3ria) e no Centro de Artes e Esportes Unificados \u2013 Pra\u00e7a CEU, no Bairro Ara\u00fajo, na regi\u00e3o norte; nos cal\u00e7ad\u00f5es das ruas Halfeld, Marechal Deodoro, Mister Moore e S\u00e3o Jo\u00e3o. A PJF deve publicar, no pr\u00f3ximo m\u00eas, um novo edital de chamamento p\u00fablico para amplia\u00e7\u00e3o do programa, contemplando 115 novas \u00e1reas na cidade, incluindo regi\u00f5es rurais, pontos de \u00f4nibus e pra\u00e7as.<\/p>\n<h4>Aplicativo facilita acesso dos usu\u00e1rios<\/h4>\n<p>Para facilitar o acesso ao servi\u00e7o de internet gratuita, a Virtual Telecom disponibilizou o aplicativo (app) \u201cJF+Digital\u201d (vers\u00e3o 1.0), apenas para o sistema operacional Androide, na vers\u00e3o 4.1 ou superior. Nele, os usu\u00e1rios podem obter informa\u00e7\u00f5es sobre como utilizar o servi\u00e7o, consultar o tempo de navega\u00e7\u00e3o na internet, efetuar ou excluir o cadastro, verificar onde o servi\u00e7o \u00e9 disponibilizado, alterar senha, obter suporte. Al\u00e9m do app, o usu\u00e1rio pode consultar informa\u00e7\u00f5es no site jfmaisdigital.com.br. Neste m\u00eas, a empresa deve disponibilizar o app tamb\u00e9m para IOS.<\/p>\n<p>No final de 2017, as 11 \u00e1reas que contam com o sinal de internet gratuita come\u00e7aram a receber placas informando a disponibilidade do servi\u00e7o. A sinaliza\u00e7\u00e3o dos locais foi realizada atrav\u00e9s de uma parceria entre as secretarias de Planejamento e Gest\u00e3o (Seplag), atrav\u00e9s da Subsecretaria de Tecnologia da Informa\u00e7\u00e3o (SSTI), de Transporte e Tr\u00e2nsito (Settra), e de Comunica\u00e7\u00e3o (SCS), com o objetivo de informar a popula\u00e7\u00e3o onde o servi\u00e7o \u00e9 disponibilizado, aumentando, assim, o n\u00famero de usu\u00e1rios e tornando a ferramenta mais \u00fatil.<\/p>\n<hr \/>\n<p>&nbsp;Fonte: Assessoria\/PJF<\/p>\n","protected":false},"excerpt":{"rendered":"<p>No caminho de ida e volta para a faculdade, a estudante Carine Oliveira reserva alguns minutos para acessar a internet atrav\u00e9s do sinal oferecido pelo programa \u201cJF+Digital\u201d. \u201cSempre que passo pelo Parque Halfeld, aproveito o wi-fi gratuito para acessar minhas redes sociais e ver as not\u00edcias do dia\u201d. J\u00e1 a vendedora Eliane Souza utiliza o [&hellip;]<\/p>\n","protected":false},"author":96,"featured_media":91213,"comment_status":"closed","ping_status":"closed","sticky":false,"template":"","format":"standard","meta":{"footnotes":""},"categories":[253],"tags":[],"class_list":["post-91214","post","type-post","status-publish","format-standard","has-post-thumbnail","hentry","category-cidade"],"_links":{"self":[{"href":"https:\/\/diarioregionaldigital.com.br\/index.php?rest_route=\/wp\/v2\/posts\/91214","targetHints":{"allow":["GET"]}}],"collection":[{"href":"https:\/\/diarioregionaldigital.com.br\/index.php?rest_route=\/wp\/v2\/posts"}],"about":[{"href":"https:\/\/diarioregionaldigital.com.br\/index.php?rest_route=\/wp\/v2\/types\/post"}],"author":[{"embeddable":true,"href":"https:\/\/diarioregionaldigital.com.br\/index.php?rest_route=\/wp\/v2\/users\/96"}],"replies":[{"embeddable":true,"href":"https:\/\/diarioregionaldigital.com.br\/index.php?rest_route=%2Fwp%2Fv2%2Fcomments&post=91214"}],"version-history":[{"count":0,"href":"https:\/\/diarioregionaldigital.com.br\/index.php?rest_route=\/wp\/v2\/posts\/91214\/revisions"}],"wp:featuredmedia":[{"embeddable":true,"href":"https:\/\/diarioregionaldigital.com.br\/index.php?rest_route=\/wp\/v2\/media\/91213"}],"wp:attachment":[{"href":"https:\/\/diarioregionaldigital.com.br\/index.php?rest_route=%2Fwp%2Fv2%2Fmedia&parent=91214"}],"wp:term":[{"taxonomy":"category","embeddable":true,"href":"https:\/\/diarioregionaldigital.com.br\/index.php?rest_route=%2Fwp%2Fv2%2Fcategories&post=91214"},{"taxonomy":"post_tag","embeddable":true,"href":"https:\/\/diarioregionaldigital.com.br\/index.php?rest_route=%2Fwp%2Fv2%2Ftags&post=91214"}],"curies":[{"name":"wp","href":"https:\/\/api.w.org\/{rel}","templated":true}]}}