{"id":91212,"date":"2018-02-05T15:18:06","date_gmt":"2018-02-05T17:18:06","guid":{"rendered":"http:\/\/diarioregionaljf.com.br\/2018\/02\/05\/mercado-mantem-estimativa-de-queda-da-taxa-selic-para-6-75\/"},"modified":"2018-02-05T15:18:06","modified_gmt":"2018-02-05T17:18:06","slug":"mercado-mantem-estimativa-de-queda-da-taxa-selic-para-6-75","status":"publish","type":"post","link":"https:\/\/diarioregionaldigital.com.br\/?p=91212","title":{"rendered":"Mercado mant\u00e9m estimativa de queda da taxa Selic para 6,75%"},"content":{"rendered":"<p>O mercado financeiro mant\u00e9m a estimativa de 6,75% para a taxa b\u00e1sica de juros da economia, a Selic. A reuni\u00e3o do Comit\u00ea de Pol\u00edtica Monet\u00e1ria (Copom), que define a taxa, ser\u00e1 amanh\u00e3, 6, e quarta-feira, 7, em Bras\u00edlia.<\/p>\n<p>No ano passado, a Selic atingiu a m\u00ednima hist\u00f3rica de 7% (valor atual) e houve sinaliza\u00e7\u00e3o de redu\u00e7\u00e3o para este ano. A proje\u00e7\u00e3o consta do boletim Focus, publica\u00e7\u00e3o divulgada nesta segunda-feira, 5, no site do Banco Central (BC) com estimativa para os principais indicadores econ\u00f4micos.<\/p>\n<p>O mercado melhorou as estimativas para este ano. A proje\u00e7\u00e3o do crescimento do Produto Interno Bruto &#8211; a soma de todas as riquezas produzidas pelo pa\u00eds &#8211; passou de 2,66% para 2,70%. Na sexta-feira, 2, o Minist\u00e9rio do Planejamento atualizou a proje\u00e7\u00e3o do governo de 2,5% para 3%.<\/p>\n<p>J\u00e1 a proje\u00e7\u00e3o para a infla\u00e7\u00e3o, medida pelo \u00cdndice Nacional de Pre\u00e7os ao Consumidor Amplo (IPCA), teve uma leve queda de 3,95% para 3,94% este ano, em rela\u00e7\u00e3o \u00e0 estimativa da semana passada.&nbsp;Para 2019, as proje\u00e7\u00f5es foram mantidas: crescimento do PIB em 3% e o IPCA em 4,25%.<\/p>\n<p>O boletim Focus \u00e9 divulgado todo in\u00edcio de semana e traz a m\u00e9dia das expectativas de bancos, institui\u00e7\u00f5es financeiras, consultorias e empresas sobre os principais indicadores relacionados \u00e0 economia brasileira, como os diversos \u00edndices de infla\u00e7\u00e3o, PIB, taxa de c\u00e2mbio e taxa b\u00e1sica de juros da economia, a Selic.<\/p>\n<hr \/>\n<p>&nbsp;Fonte: Ag\u00eancia Brasil<\/p>\n","protected":false},"excerpt":{"rendered":"<p>O mercado financeiro mant\u00e9m a estimativa de 6,75% para a taxa b\u00e1sica de juros da economia, a Selic. A reuni\u00e3o do Comit\u00ea de Pol\u00edtica Monet\u00e1ria (Copom), que define a taxa, ser\u00e1 amanh\u00e3, 6, e quarta-feira, 7, em Bras\u00edlia. No ano passado, a Selic atingiu a m\u00ednima hist\u00f3rica de 7% (valor atual) e houve sinaliza\u00e7\u00e3o de [&hellip;]<\/p>\n","protected":false},"author":96,"featured_media":91211,"comment_status":"closed","ping_status":"closed","sticky":false,"template":"","format":"standard","meta":{"footnotes":""},"categories":[261],"tags":[],"class_list":["post-91212","post","type-post","status-publish","format-standard","has-post-thumbnail","hentry","category-economia"],"_links":{"self":[{"href":"https:\/\/diarioregionaldigital.com.br\/index.php?rest_route=\/wp\/v2\/posts\/91212","targetHints":{"allow":["GET"]}}],"collection":[{"href":"https:\/\/diarioregionaldigital.com.br\/index.php?rest_route=\/wp\/v2\/posts"}],"about":[{"href":"https:\/\/diarioregionaldigital.com.br\/index.php?rest_route=\/wp\/v2\/types\/post"}],"author":[{"embeddable":true,"href":"https:\/\/diarioregionaldigital.com.br\/index.php?rest_route=\/wp\/v2\/users\/96"}],"replies":[{"embeddable":true,"href":"https:\/\/diarioregionaldigital.com.br\/index.php?rest_route=%2Fwp%2Fv2%2Fcomments&post=91212"}],"version-history":[{"count":0,"href":"https:\/\/diarioregionaldigital.com.br\/index.php?rest_route=\/wp\/v2\/posts\/91212\/revisions"}],"wp:featuredmedia":[{"embeddable":true,"href":"https:\/\/diarioregionaldigital.com.br\/index.php?rest_route=\/wp\/v2\/media\/91211"}],"wp:attachment":[{"href":"https:\/\/diarioregionaldigital.com.br\/index.php?rest_route=%2Fwp%2Fv2%2Fmedia&parent=91212"}],"wp:term":[{"taxonomy":"category","embeddable":true,"href":"https:\/\/diarioregionaldigital.com.br\/index.php?rest_route=%2Fwp%2Fv2%2Fcategories&post=91212"},{"taxonomy":"post_tag","embeddable":true,"href":"https:\/\/diarioregionaldigital.com.br\/index.php?rest_route=%2Fwp%2Fv2%2Ftags&post=91212"}],"curies":[{"name":"wp","href":"https:\/\/api.w.org\/{rel}","templated":true}]}}