{"id":91210,"date":"2018-02-05T15:15:00","date_gmt":"2018-02-05T17:15:00","guid":{"rendered":"http:\/\/diarioregionaljf.com.br\/2018\/02\/05\/vendas-de-veiculos-novos-crescem-23-14-em-janeiro-diz-fenabrave\/"},"modified":"2018-02-05T15:15:00","modified_gmt":"2018-02-05T17:15:00","slug":"vendas-de-veiculos-novos-crescem-23-14-em-janeiro-diz-fenabrave","status":"publish","type":"post","link":"https:\/\/diarioregionaldigital.com.br\/?p=91210","title":{"rendered":"Vendas de ve\u00edculos novos crescem 23,14% em janeiro, diz Fenabrave"},"content":{"rendered":"<p>Em todo o pa\u00eds, as vendas de ve\u00edculos novos cresceram 23,14% em janeiro deste ano na compara\u00e7\u00e3o com o mesmo m\u00eas de 2017. Segundo balan\u00e7o da Federa\u00e7\u00e3o Nacional da Distribui\u00e7\u00e3o dos Ve\u00edculos Automotores (Fenabrave), divulgado em S\u00e3o Paulo, foram emplacadas 181,2 mil unidades no primeiro m\u00eas de 2018, contra 147,2 mil no ano passado. Em rela\u00e7\u00e3o ao \u00faltimo m\u00eas de dezembro, no entanto, foi verificada uma queda de 14,75%.<\/p>\n<p>O setor de caminh\u00f5es registrou expans\u00e3o de 56,26% em janeiro de 2018, com a comercializa\u00e7\u00e3o de 4,6 mil unidades. As vendas de \u00f4nibus tiveram alta de 57,71% no per\u00edodo, com 1,1 mil unidades emplacadas.<\/p>\n<p>Os autom\u00f3veis e ve\u00edculos comerciais leves (como picapes e furg\u00f5es) acusaram crescimento de 22,29% nas vendas. Em janeiro \u00faltimo, foram comercializados 175 mil ve\u00edculos dessas categorias, enquanto no primeiro m\u00eas de 2017 os emplacamentos totalizaram 143,5 mil.<\/p>\n<p>A alta nas vendas reflete, segundo o presidente da Fenabrave, Alarico Assump\u00e7\u00e3o, a melhora do cen\u00e1rio econ\u00f4mico em rela\u00e7\u00e3o ao come\u00e7o de 2017. \u201cAs expectativas renovadas em fun\u00e7\u00e3o da melhora dos \u00edndices econ\u00f4micos refletem, diretamente, na confian\u00e7a do consumidor e favorecem o mercado de ve\u00edculos\u201d, disse.<\/p>\n<p>Para 2018, a perspectiva da entidade \u00e9 que aconte\u00e7a uma melhora gradual, com o setor retomando o ritmo de crescimento do per\u00edodo anterior antes da crise econ\u00f4mica.<\/p>\n<hr \/>\n<p>&nbsp;Fonte: Ag\u00eancia Brasil<\/p>\n","protected":false},"excerpt":{"rendered":"<p>Em todo o pa\u00eds, as vendas de ve\u00edculos novos cresceram 23,14% em janeiro deste ano na compara\u00e7\u00e3o com o mesmo m\u00eas de 2017. Segundo balan\u00e7o da Federa\u00e7\u00e3o Nacional da Distribui\u00e7\u00e3o dos Ve\u00edculos Automotores (Fenabrave), divulgado em S\u00e3o Paulo, foram emplacadas 181,2 mil unidades no primeiro m\u00eas de 2018, contra 147,2 mil no ano passado. Em [&hellip;]<\/p>\n","protected":false},"author":96,"featured_media":91209,"comment_status":"closed","ping_status":"closed","sticky":false,"template":"","format":"standard","meta":{"footnotes":""},"categories":[261],"tags":[],"class_list":["post-91210","post","type-post","status-publish","format-standard","has-post-thumbnail","hentry","category-economia"],"_links":{"self":[{"href":"https:\/\/diarioregionaldigital.com.br\/index.php?rest_route=\/wp\/v2\/posts\/91210","targetHints":{"allow":["GET"]}}],"collection":[{"href":"https:\/\/diarioregionaldigital.com.br\/index.php?rest_route=\/wp\/v2\/posts"}],"about":[{"href":"https:\/\/diarioregionaldigital.com.br\/index.php?rest_route=\/wp\/v2\/types\/post"}],"author":[{"embeddable":true,"href":"https:\/\/diarioregionaldigital.com.br\/index.php?rest_route=\/wp\/v2\/users\/96"}],"replies":[{"embeddable":true,"href":"https:\/\/diarioregionaldigital.com.br\/index.php?rest_route=%2Fwp%2Fv2%2Fcomments&post=91210"}],"version-history":[{"count":0,"href":"https:\/\/diarioregionaldigital.com.br\/index.php?rest_route=\/wp\/v2\/posts\/91210\/revisions"}],"wp:featuredmedia":[{"embeddable":true,"href":"https:\/\/diarioregionaldigital.com.br\/index.php?rest_route=\/wp\/v2\/media\/91209"}],"wp:attachment":[{"href":"https:\/\/diarioregionaldigital.com.br\/index.php?rest_route=%2Fwp%2Fv2%2Fmedia&parent=91210"}],"wp:term":[{"taxonomy":"category","embeddable":true,"href":"https:\/\/diarioregionaldigital.com.br\/index.php?rest_route=%2Fwp%2Fv2%2Fcategories&post=91210"},{"taxonomy":"post_tag","embeddable":true,"href":"https:\/\/diarioregionaldigital.com.br\/index.php?rest_route=%2Fwp%2Fv2%2Ftags&post=91210"}],"curies":[{"name":"wp","href":"https:\/\/api.w.org\/{rel}","templated":true}]}}