{"id":91208,"date":"2018-02-05T15:11:47","date_gmt":"2018-02-05T17:11:47","guid":{"rendered":"http:\/\/diarioregionaljf.com.br\/2018\/02\/05\/projeto-do-direito-vence-concurso-promovido-pelo-conselho-nacional-de-justica\/"},"modified":"2018-02-05T15:11:47","modified_gmt":"2018-02-05T17:11:47","slug":"projeto-do-direito-vence-concurso-promovido-pelo-conselho-nacional-de-justica","status":"publish","type":"post","link":"https:\/\/diarioregionaldigital.com.br\/?p=91208","title":{"rendered":"Projeto do Direito vence concurso promovido pelo Conselho Nacional de Justi\u00e7a"},"content":{"rendered":"<p>O projeto de extens\u00e3o \u2018Dialogar N\u00facleo de Media\u00e7\u00e3o\u201d, da Faculdade de Direito da Universidade Federal de Juiz de Fora (UFJF), foi o vencedor, na categoria Ensino Superior, do concurso \u2018Conciliar \u00e9 Legal\u2019 de 2017, promovido pelo Conselho Nacional de Justi\u00e7a (CNJ).<\/p>\n<p>A competi\u00e7\u00e3o \u00e9 um instrumento de identifica\u00e7\u00e3o de boas pr\u00e1ticas que contribuem para a pacifica\u00e7\u00e3o de conflitos, o aprimoramento e a efici\u00eancia do Poder Judici\u00e1rio. De acordo com o CNJ, a avalia\u00e7\u00e3o e o julgamento das pr\u00e1ticas privilegiaram os seguintes crit\u00e9rios: efici\u00eancia; restaura\u00e7\u00e3o das rela\u00e7\u00f5es sociais; criatividade;, replicabilidade; alcance social; desburocratiza\u00e7\u00e3o; efetividade; e satisfa\u00e7\u00e3o do usu\u00e1rio.<\/p>\n<p>O idealizador e coordenador do projeto extensionista premiado, professor Fernando Guilhon, explica que o principal objetivo do \u201cDialogar\u201d \u00e9 garantir o acesso da popula\u00e7\u00e3o em situa\u00e7\u00e3o de vulnerabilidade \u00e0 Justi\u00e7a. \u201cO Projeto Dialogar foi criado em 2014, inspirado em projeto de extens\u00e3o semelhante, desenvolvido pela Universidade Federal de Ouro Preto. Nosso objetivo \u00e9 atender a popula\u00e7\u00e3o em situa\u00e7\u00e3o de vulnerabilidade que procura o N\u00facleo de Pr\u00e1tica Jur\u00eddica da Faculdade de Direito da UFJF, mas cujas caracter\u00edsticas do caso concreto \u2013 rela\u00e7\u00f5es duradouras com conte\u00fado emocional profundo \u2013 n\u00e3o seriam adequadas para o ajuizamento de a\u00e7\u00e3o judicial. A media\u00e7\u00e3o extrajudicial se caracteriza como o instrumento mais adequado para tratar quest\u00f5es familiares; de vizinhan\u00e7a; comunit\u00e1rias; e escolares quando est\u00e3o presentes rela\u00e7\u00f5es de longo prazo caracterizadas por envolvimento emocional das partes.\u201d<\/p>\n<h4>Retribuir investimentos \u00e0 sociedade<\/h4>\n<p>De 2014, quando foi criado, at\u00e9 hoje, o projeto de extens\u00e3o promoveu mais de 150 sess\u00f5es de media\u00e7\u00e3o, tendo beneficiado aproximadamente mil moradores de Juiz de Fora e regi\u00e3o. Segundo Guilhon, as atividades s\u00e3o realizadas por \u201cuma equipe composta por oito graduandos em Direito, entre bolsistas e volunt\u00e1rios, al\u00e9m de quatro parceiros externos, advogados e psic\u00f3logos que colaboram para o atendimento \u00e0 popula\u00e7\u00e3o e o desenvolvimento de outras iniciativas, como cursos de media\u00e7\u00e3o; palestras; treinamentos; reflex\u00f5es; debates; semin\u00e1rios; atividades culturais; e capacita\u00e7\u00e3o.\u201d<\/p>\n<p>O professor destaca que, por meio dos projetos de extens\u00e3o, a Universidade retribui \u00e0 sociedade parte do investimento p\u00fablico realizado e, al\u00e9m disso, contribui para a forma\u00e7\u00e3o cidad\u00e3 dos alunos. O reconhecimento do CNJ, segundo ele, favorecer\u00e1 a amplia\u00e7\u00e3o das atividades.<\/p>\n<p>\u201cO reconhecimento do trabalho desenvolvido no \u2018Dialogar\u2019 pelo CNJ confere express\u00e3o nacional \u00e0 iniciativa da Faculdade de Direito da UFJF, que passa a ser refer\u00eancia na mat\u00e9ria, o que facilita novas parcerias e acesso a linhas de financiamento para amplia\u00e7\u00e3o da cultura de paz na sociedade.\u201d<\/p>\n<h4>Cerim\u00f4nia de premia\u00e7\u00e3o<\/h4>\n<p>Esta \u00e9 a segunda vez que a iniciativa extensionista da Faculdade de Direito da UFJF \u00e9 premiada pelo CNJ. Em 2016, o Projeto Dialogar recebeu men\u00e7\u00e3o honrosa na mesma categoria ensino superior.<\/p>\n<p>A cerim\u00f4nia de premia\u00e7\u00e3o \u2013 com entrega de certificados, placas e trof\u00e9us e a presen\u00e7a do professor Fernando Guilhon \u2013 ser\u00e1 realizada em Bras\u00edlia, no dia 6, \u00e0s 17h, na sede do CNJ.<\/p>\n<p>Outras informa\u00e7\u00f5es: <a href=\"mailto:fernandoguilhondc@gmail.com\">fernandoguilhondc@gmail.com<\/a><\/p>\n<p>&nbsp;<\/p>\n<hr \/>\n<p>&nbsp;Fonte: Assessoria\/UFJF<\/p>\n","protected":false},"excerpt":{"rendered":"<p>O projeto de extens\u00e3o \u2018Dialogar N\u00facleo de Media\u00e7\u00e3o\u201d, da Faculdade de Direito da Universidade Federal de Juiz de Fora (UFJF), foi o vencedor, na categoria Ensino Superior, do concurso \u2018Conciliar \u00e9 Legal\u2019 de 2017, promovido pelo Conselho Nacional de Justi\u00e7a (CNJ). A competi\u00e7\u00e3o \u00e9 um instrumento de identifica\u00e7\u00e3o de boas pr\u00e1ticas que contribuem para a [&hellip;]<\/p>\n","protected":false},"author":96,"featured_media":91207,"comment_status":"closed","ping_status":"closed","sticky":false,"template":"","format":"standard","meta":{"footnotes":""},"categories":[253],"tags":[],"class_list":["post-91208","post","type-post","status-publish","format-standard","has-post-thumbnail","hentry","category-cidade"],"_links":{"self":[{"href":"https:\/\/diarioregionaldigital.com.br\/index.php?rest_route=\/wp\/v2\/posts\/91208","targetHints":{"allow":["GET"]}}],"collection":[{"href":"https:\/\/diarioregionaldigital.com.br\/index.php?rest_route=\/wp\/v2\/posts"}],"about":[{"href":"https:\/\/diarioregionaldigital.com.br\/index.php?rest_route=\/wp\/v2\/types\/post"}],"author":[{"embeddable":true,"href":"https:\/\/diarioregionaldigital.com.br\/index.php?rest_route=\/wp\/v2\/users\/96"}],"replies":[{"embeddable":true,"href":"https:\/\/diarioregionaldigital.com.br\/index.php?rest_route=%2Fwp%2Fv2%2Fcomments&post=91208"}],"version-history":[{"count":0,"href":"https:\/\/diarioregionaldigital.com.br\/index.php?rest_route=\/wp\/v2\/posts\/91208\/revisions"}],"wp:featuredmedia":[{"embeddable":true,"href":"https:\/\/diarioregionaldigital.com.br\/index.php?rest_route=\/wp\/v2\/media\/91207"}],"wp:attachment":[{"href":"https:\/\/diarioregionaldigital.com.br\/index.php?rest_route=%2Fwp%2Fv2%2Fmedia&parent=91208"}],"wp:term":[{"taxonomy":"category","embeddable":true,"href":"https:\/\/diarioregionaldigital.com.br\/index.php?rest_route=%2Fwp%2Fv2%2Fcategories&post=91208"},{"taxonomy":"post_tag","embeddable":true,"href":"https:\/\/diarioregionaldigital.com.br\/index.php?rest_route=%2Fwp%2Fv2%2Ftags&post=91208"}],"curies":[{"name":"wp","href":"https:\/\/api.w.org\/{rel}","templated":true}]}}