{"id":91206,"date":"2018-02-05T15:06:02","date_gmt":"2018-02-05T17:06:02","guid":{"rendered":"http:\/\/diarioregionaljf.com.br\/2018\/02\/05\/maia-diz-que-ainda-nao-decidiu-se-vai-retirar-reforma-da-previdencia-da-pauta\/"},"modified":"2018-02-05T15:06:02","modified_gmt":"2018-02-05T17:06:02","slug":"maia-diz-que-ainda-nao-decidiu-se-vai-retirar-reforma-da-previdencia-da-pauta","status":"publish","type":"post","link":"https:\/\/diarioregionaldigital.com.br\/?p=91206","title":{"rendered":"Maia diz que ainda n\u00e3o decidiu se vai retirar reforma da Previd\u00eancia da pauta"},"content":{"rendered":"<p>O presidente da C\u00e2mara, Rodrigo Maia (DEM-RJ), afirmou hoje, 5, que ainda n\u00e3o decidiu se vai tirar a reforma da Previd\u00eancia da pauta da C\u00e2mara. O ano legislativo ser\u00e1 aberto hoje no Congresso Nacional e h\u00e1 a expectativa pelo in\u00edcio das discuss\u00f5es sobre a reforma previdenci\u00e1ria em plen\u00e1rio ainda esta semana, conforme anunciado por Maia no final do ano passado.<\/p>\n<p>A vota\u00e7\u00e3o da mat\u00e9ria est\u00e1 prevista para a semana seguinte ao Carnaval. \u201cAntes do dia 20 de fevereiro, n\u00e3o h\u00e1 da minha parte nenhum posicionamento para tirar a reforma da Previd\u00eancia da pauta da C\u00e2mara\u201d, disse o deputado em nota nesta segunda-feira.<\/p>\n<p>Em resposta a mat\u00e9rias publicadas na imprensa que adiantam o desejo do presidente da C\u00e2mara de arquivar a proposta diante da aus\u00eancia dos votos, Maia rebateu dizendo que ainda vai conversar com governadores e os deputados para checar se h\u00e1 apoio suficiente para aprovar a emenda que altera as regras de acesso \u00e0 aposentadoria.<\/p>\n<p>\u201cHoje tenho uma reuni\u00e3o com governadores para discutir a Previd\u00eancia e outros temas. E esta semana, com a chegada dos deputados, vamos ouvir um a um para ver, de fato, quantos votos temos para a vota\u00e7\u00e3o desta mat\u00e9ria\u201d, completa a nota.&nbsp;Nesta segunda-feira, o presidente da C\u00e2mara receber\u00e1 governadores na resid\u00eancia oficial. O deputado tamb\u00e9m vai se encontrar com o relator da proposta, Arthur Maia (PPS-BA), e consultores legislativos para tratar de mudan\u00e7as na reforma por meio de uma emenda aglutinativa que poder\u00e1 ser apresentada em plen\u00e1rio amanh\u00e3.<\/p>\n<p>Durante o recesso parlamentar, lideran\u00e7as governistas tentaram atrair mais votos em favor da reforma, contudo, mesmo depois de intensificar as articula\u00e7\u00f5es com os parlamentares ampliar a propaganda em favor da reforma e negociar altera\u00e7\u00f5es no texto, integrantes da equipe do governo admitem que ainda n\u00e3o conseguiram alcan\u00e7ar o qu\u00f3rum m\u00ednimo de 308 votos necess\u00e1rios para aprovar uma emenda constitucional em dois turnos na C\u00e2mara.<\/p>\n<p>Maia declarou v\u00e1rias vezes que s\u00f3 colocaria a proposta para an\u00e1lise do plen\u00e1rio se tivesse certeza de que a base aliada do governo teria mais do que o n\u00famero m\u00ednimo de votos necess\u00e1rios para aprov\u00e1-la. O deputado afirmou tamb\u00e9m em outras ocasi\u00f5es que se o qu\u00f3rum n\u00e3o for alcan\u00e7ado seria melhor arquivar a proposta e retom\u00e1-la no ano seguinte, depois das elei\u00e7\u00f5es.<\/p>\n<p>Desde maio do ano passado, quando a proposta saiu da comiss\u00e3o especial, a contabilidade dos votos favor\u00e1veis gira em torno de 270 votos, soma que ficou ainda menor depois da vota\u00e7\u00e3o das den\u00fancias contra o presidente Michel Temer na C\u00e2mara.<\/p>\n<hr \/>\n<p>&nbsp;Fonte: Ag\u00eancia Brasil<\/p>\n","protected":false},"excerpt":{"rendered":"<p>O presidente da C\u00e2mara, Rodrigo Maia (DEM-RJ), afirmou hoje, 5, que ainda n\u00e3o decidiu se vai tirar a reforma da Previd\u00eancia da pauta da C\u00e2mara. O ano legislativo ser\u00e1 aberto hoje no Congresso Nacional e h\u00e1 a expectativa pelo in\u00edcio das discuss\u00f5es sobre a reforma previdenci\u00e1ria em plen\u00e1rio ainda esta semana, conforme anunciado por Maia [&hellip;]<\/p>\n","protected":false},"author":96,"featured_media":91205,"comment_status":"closed","ping_status":"closed","sticky":false,"template":"","format":"standard","meta":{"footnotes":""},"categories":[261],"tags":[],"class_list":["post-91206","post","type-post","status-publish","format-standard","has-post-thumbnail","hentry","category-economia"],"_links":{"self":[{"href":"https:\/\/diarioregionaldigital.com.br\/index.php?rest_route=\/wp\/v2\/posts\/91206","targetHints":{"allow":["GET"]}}],"collection":[{"href":"https:\/\/diarioregionaldigital.com.br\/index.php?rest_route=\/wp\/v2\/posts"}],"about":[{"href":"https:\/\/diarioregionaldigital.com.br\/index.php?rest_route=\/wp\/v2\/types\/post"}],"author":[{"embeddable":true,"href":"https:\/\/diarioregionaldigital.com.br\/index.php?rest_route=\/wp\/v2\/users\/96"}],"replies":[{"embeddable":true,"href":"https:\/\/diarioregionaldigital.com.br\/index.php?rest_route=%2Fwp%2Fv2%2Fcomments&post=91206"}],"version-history":[{"count":0,"href":"https:\/\/diarioregionaldigital.com.br\/index.php?rest_route=\/wp\/v2\/posts\/91206\/revisions"}],"wp:featuredmedia":[{"embeddable":true,"href":"https:\/\/diarioregionaldigital.com.br\/index.php?rest_route=\/wp\/v2\/media\/91205"}],"wp:attachment":[{"href":"https:\/\/diarioregionaldigital.com.br\/index.php?rest_route=%2Fwp%2Fv2%2Fmedia&parent=91206"}],"wp:term":[{"taxonomy":"category","embeddable":true,"href":"https:\/\/diarioregionaldigital.com.br\/index.php?rest_route=%2Fwp%2Fv2%2Fcategories&post=91206"},{"taxonomy":"post_tag","embeddable":true,"href":"https:\/\/diarioregionaldigital.com.br\/index.php?rest_route=%2Fwp%2Fv2%2Ftags&post=91206"}],"curies":[{"name":"wp","href":"https:\/\/api.w.org\/{rel}","templated":true}]}}