{"id":91200,"date":"2018-02-05T14:43:44","date_gmt":"2018-02-05T16:43:44","guid":{"rendered":"http:\/\/diarioregionaljf.com.br\/2018\/02\/05\/policia-civil-apura-homicidio-ocorrido-no-bairro-nova-germania\/"},"modified":"2018-02-05T14:43:44","modified_gmt":"2018-02-05T16:43:44","slug":"policia-civil-apura-homicidio-ocorrido-no-bairro-nova-germania","status":"publish","type":"post","link":"https:\/\/diarioregionaldigital.com.br\/?p=91200","title":{"rendered":"Pol\u00edcia Civil apura homic\u00eddio ocorrido no bairro Nova Germ\u00e2nia"},"content":{"rendered":"<p>Nesta segunda-feira, 5, a Pol\u00edcia Civil de Minas Gerais divulgou informa\u00e7\u00f5es sobre o homic\u00eddio consumado ocorrido no dia 8 de janeiro, no bairro Nova Germ\u00e2nia, onde um homem de 21 anos foi localizado sem vida, em uma mata no local do crime.<\/p>\n<p>Dois homens de 18 anos e um de 34 anos, suspeitos de cometerem o crime, foram presos nas resid\u00eancias deles, na \u00faltima sexta-feira (2). Outro suspeito, de 17 anos, foi apreendido e assumiu a autoria do homic\u00eddio.<\/p>\n<p>Segundo o Delegado Armando Av\u00f3lio Neto, respons\u00e1vel pelas investiga\u00e7\u00f5es na Delegacia Especializada de Homic\u00eddios, os homens de 18 e 34 anos negaram participa\u00e7\u00e3o no crime, alegando que o adolescente infrator \u00e9 quem teria atirado na v\u00edtima. Investiga\u00e7\u00f5es apontam que o crime teria acontecido por conta de uma d\u00edvida que gerou rixa pessoal.<\/p>\n<p>O adolescente foi encaminhado ao Centro Socioeducativo e os outros suspeitos foram conduzidos ao Sistema Prisional. As investiga\u00e7\u00f5es prosseguem a fim de localizar demais envolvidos.<\/p>\n<p>Fonte: Assessoria \/ Pol\u00edcia Civil<\/p>\n","protected":false},"excerpt":{"rendered":"<p>Nesta segunda-feira, 5, a Pol\u00edcia Civil de Minas Gerais divulgou informa\u00e7\u00f5es sobre o homic\u00eddio consumado ocorrido no dia 8 de janeiro, no bairro Nova Germ\u00e2nia, onde um homem de 21 anos foi localizado sem vida, em uma mata no local do crime. Dois homens de 18 anos e um de 34 anos, suspeitos de cometerem [&hellip;]<\/p>\n","protected":false},"author":96,"featured_media":91199,"comment_status":"closed","ping_status":"closed","sticky":false,"template":"","format":"standard","meta":{"footnotes":""},"categories":[253],"tags":[],"class_list":["post-91200","post","type-post","status-publish","format-standard","has-post-thumbnail","hentry","category-cidade"],"_links":{"self":[{"href":"https:\/\/diarioregionaldigital.com.br\/index.php?rest_route=\/wp\/v2\/posts\/91200","targetHints":{"allow":["GET"]}}],"collection":[{"href":"https:\/\/diarioregionaldigital.com.br\/index.php?rest_route=\/wp\/v2\/posts"}],"about":[{"href":"https:\/\/diarioregionaldigital.com.br\/index.php?rest_route=\/wp\/v2\/types\/post"}],"author":[{"embeddable":true,"href":"https:\/\/diarioregionaldigital.com.br\/index.php?rest_route=\/wp\/v2\/users\/96"}],"replies":[{"embeddable":true,"href":"https:\/\/diarioregionaldigital.com.br\/index.php?rest_route=%2Fwp%2Fv2%2Fcomments&post=91200"}],"version-history":[{"count":0,"href":"https:\/\/diarioregionaldigital.com.br\/index.php?rest_route=\/wp\/v2\/posts\/91200\/revisions"}],"wp:featuredmedia":[{"embeddable":true,"href":"https:\/\/diarioregionaldigital.com.br\/index.php?rest_route=\/wp\/v2\/media\/91199"}],"wp:attachment":[{"href":"https:\/\/diarioregionaldigital.com.br\/index.php?rest_route=%2Fwp%2Fv2%2Fmedia&parent=91200"}],"wp:term":[{"taxonomy":"category","embeddable":true,"href":"https:\/\/diarioregionaldigital.com.br\/index.php?rest_route=%2Fwp%2Fv2%2Fcategories&post=91200"},{"taxonomy":"post_tag","embeddable":true,"href":"https:\/\/diarioregionaldigital.com.br\/index.php?rest_route=%2Fwp%2Fv2%2Ftags&post=91200"}],"curies":[{"name":"wp","href":"https:\/\/api.w.org\/{rel}","templated":true}]}}