{"id":91198,"date":"2018-02-05T14:33:27","date_gmt":"2018-02-05T16:33:27","guid":{"rendered":"http:\/\/diarioregionaljf.com.br\/2018\/02\/05\/jovem-e-assaltado-a-mao-armada-no-bairro-teixeiras\/"},"modified":"2018-02-05T14:33:27","modified_gmt":"2018-02-05T16:33:27","slug":"jovem-e-assaltado-a-mao-armada-no-bairro-teixeiras","status":"publish","type":"post","link":"https:\/\/diarioregionaldigital.com.br\/?p=91198","title":{"rendered":"Jovem \u00e9 assaltado \u00e0 m\u00e3o armada no bairro Teixeiras"},"content":{"rendered":"<p>Um jovem de 24 anos foi assaltado no in\u00edcio da manh\u00e3 deste domingo, 4, no bairro Teixeiras, localizado na zona Sul.<\/p>\n<p>Segundo informa\u00e7\u00f5es da Pol\u00edcia Militar (PM), o jovem encontrava-se na Avenida Deusdedith Salgado quando foi abordado por um indiv\u00edduo com uma arma de fogo que anunciou o assalto.<\/p>\n<p>Ele amea\u00e7ou a v\u00edtima e roubou sua carteira com documentos e cart\u00f5es banc\u00e1rios.<\/p>\n<p>Ap\u00f3s o crime o autor fugiu e n\u00e3o foi localizado.<\/p>\n","protected":false},"excerpt":{"rendered":"<p>Um jovem de 24 anos foi assaltado no in\u00edcio da manh\u00e3 deste domingo, 4, no bairro Teixeiras, localizado na zona Sul. Segundo informa\u00e7\u00f5es da Pol\u00edcia Militar (PM), o jovem encontrava-se na Avenida Deusdedith Salgado quando foi abordado por um indiv\u00edduo com uma arma de fogo que anunciou o assalto. Ele amea\u00e7ou a v\u00edtima e roubou [&hellip;]<\/p>\n","protected":false},"author":96,"featured_media":91197,"comment_status":"closed","ping_status":"closed","sticky":false,"template":"","format":"standard","meta":{"footnotes":""},"categories":[301],"tags":[],"class_list":["post-91198","post","type-post","status-publish","format-standard","has-post-thumbnail","hentry","category-artigos-policiais"],"_links":{"self":[{"href":"https:\/\/diarioregionaldigital.com.br\/index.php?rest_route=\/wp\/v2\/posts\/91198","targetHints":{"allow":["GET"]}}],"collection":[{"href":"https:\/\/diarioregionaldigital.com.br\/index.php?rest_route=\/wp\/v2\/posts"}],"about":[{"href":"https:\/\/diarioregionaldigital.com.br\/index.php?rest_route=\/wp\/v2\/types\/post"}],"author":[{"embeddable":true,"href":"https:\/\/diarioregionaldigital.com.br\/index.php?rest_route=\/wp\/v2\/users\/96"}],"replies":[{"embeddable":true,"href":"https:\/\/diarioregionaldigital.com.br\/index.php?rest_route=%2Fwp%2Fv2%2Fcomments&post=91198"}],"version-history":[{"count":0,"href":"https:\/\/diarioregionaldigital.com.br\/index.php?rest_route=\/wp\/v2\/posts\/91198\/revisions"}],"wp:featuredmedia":[{"embeddable":true,"href":"https:\/\/diarioregionaldigital.com.br\/index.php?rest_route=\/wp\/v2\/media\/91197"}],"wp:attachment":[{"href":"https:\/\/diarioregionaldigital.com.br\/index.php?rest_route=%2Fwp%2Fv2%2Fmedia&parent=91198"}],"wp:term":[{"taxonomy":"category","embeddable":true,"href":"https:\/\/diarioregionaldigital.com.br\/index.php?rest_route=%2Fwp%2Fv2%2Fcategories&post=91198"},{"taxonomy":"post_tag","embeddable":true,"href":"https:\/\/diarioregionaldigital.com.br\/index.php?rest_route=%2Fwp%2Fv2%2Ftags&post=91198"}],"curies":[{"name":"wp","href":"https:\/\/api.w.org\/{rel}","templated":true}]}}