{"id":91196,"date":"2018-02-05T14:12:08","date_gmt":"2018-02-05T16:12:08","guid":{"rendered":"http:\/\/diarioregionaljf.com.br\/2018\/02\/05\/assaltante-comete-roubos-em-serie-contra-postos-de-combustiveis-na-zona-oeste\/"},"modified":"2018-02-05T14:12:08","modified_gmt":"2018-02-05T16:12:08","slug":"assaltante-comete-roubos-em-serie-contra-postos-de-combustiveis-na-zona-oeste","status":"publish","type":"post","link":"https:\/\/diarioregionaldigital.com.br\/?p=91196","title":{"rendered":"Assaltante comete roubos em s\u00e9rie contra postos de combust\u00edveis na zona Oeste"},"content":{"rendered":"<p>A Pol\u00edcia Militar (PM) registrou uma s\u00e9rie de roubos cometidos por um mesmo indiv\u00edduo na madrugada desta segunda-feira, 5, no bairro Tup\u00e3, zona Oeste. Os crimes ocorreram na Avenida Presidente Costa e Silva.<\/p>\n<p>De acordo com o registro de ocorr\u00eancias, o primeiro crime ocorreu em um posto de combust\u00edveis, onde um frentista de 32 anos, relatou ter sido abordado por um indiv\u00edduo, aparentando estar armado com um rev\u00f3lver, que anunciou o assalto. Ele levou aproximadamente R$100 do estabelecimento.<\/p>\n<p>Em seguida o autor se dirigiu a uma loja de conveni\u00eancia, que fica pr\u00f3xima ao posto e abordou um funcion\u00e1rio do local, de 19 anos. O assaltante levou R$200 e fugiu logo em seguida.<\/p>\n<p>Ap\u00f3s o crime o assaltante se dirigiu para outra loja de conveni\u00eancia, anexa a outro posto de combust\u00edveis. Ele entrou no local, abordou um funcion\u00e1rio, de 25 anos, e roubou a quantia de R$230. Fugindo logo em seguida.<\/p>\n<p>Em relato \u00e0 PM, todas as v\u00edtimas descreveram as mesmas caracter\u00edsticas a respeito do autor.<\/p>\n<p>Buscas foram realizadas, entretanto o indiv\u00edduo n\u00e3o foi encontrado.<\/p>\n","protected":false},"excerpt":{"rendered":"<p>A Pol\u00edcia Militar (PM) registrou uma s\u00e9rie de roubos cometidos por um mesmo indiv\u00edduo na madrugada desta segunda-feira, 5, no bairro Tup\u00e3, zona Oeste. Os crimes ocorreram na Avenida Presidente Costa e Silva. De acordo com o registro de ocorr\u00eancias, o primeiro crime ocorreu em um posto de combust\u00edveis, onde um frentista de 32 anos, [&hellip;]<\/p>\n","protected":false},"author":96,"featured_media":91195,"comment_status":"closed","ping_status":"closed","sticky":false,"template":"","format":"standard","meta":{"footnotes":""},"categories":[301],"tags":[],"class_list":["post-91196","post","type-post","status-publish","format-standard","has-post-thumbnail","hentry","category-artigos-policiais"],"_links":{"self":[{"href":"https:\/\/diarioregionaldigital.com.br\/index.php?rest_route=\/wp\/v2\/posts\/91196","targetHints":{"allow":["GET"]}}],"collection":[{"href":"https:\/\/diarioregionaldigital.com.br\/index.php?rest_route=\/wp\/v2\/posts"}],"about":[{"href":"https:\/\/diarioregionaldigital.com.br\/index.php?rest_route=\/wp\/v2\/types\/post"}],"author":[{"embeddable":true,"href":"https:\/\/diarioregionaldigital.com.br\/index.php?rest_route=\/wp\/v2\/users\/96"}],"replies":[{"embeddable":true,"href":"https:\/\/diarioregionaldigital.com.br\/index.php?rest_route=%2Fwp%2Fv2%2Fcomments&post=91196"}],"version-history":[{"count":0,"href":"https:\/\/diarioregionaldigital.com.br\/index.php?rest_route=\/wp\/v2\/posts\/91196\/revisions"}],"wp:featuredmedia":[{"embeddable":true,"href":"https:\/\/diarioregionaldigital.com.br\/index.php?rest_route=\/wp\/v2\/media\/91195"}],"wp:attachment":[{"href":"https:\/\/diarioregionaldigital.com.br\/index.php?rest_route=%2Fwp%2Fv2%2Fmedia&parent=91196"}],"wp:term":[{"taxonomy":"category","embeddable":true,"href":"https:\/\/diarioregionaldigital.com.br\/index.php?rest_route=%2Fwp%2Fv2%2Fcategories&post=91196"},{"taxonomy":"post_tag","embeddable":true,"href":"https:\/\/diarioregionaldigital.com.br\/index.php?rest_route=%2Fwp%2Fv2%2Ftags&post=91196"}],"curies":[{"name":"wp","href":"https:\/\/api.w.org\/{rel}","templated":true}]}}