{"id":91194,"date":"2018-02-05T13:50:03","date_gmt":"2018-02-05T15:50:03","guid":{"rendered":"http:\/\/diarioregionaljf.com.br\/2018\/02\/05\/defesa-civil-divulga-balanco-de-ocorrencias-devido-as-chuvas\/"},"modified":"2018-02-05T13:50:03","modified_gmt":"2018-02-05T15:50:03","slug":"defesa-civil-divulga-balanco-de-ocorrencias-devido-as-chuvas","status":"publish","type":"post","link":"https:\/\/diarioregionaldigital.com.br\/?p=91194","title":{"rendered":"Defesa Civil divulga balan\u00e7o de ocorr\u00eancias devido \u00e0s chuvas"},"content":{"rendered":"<p>A Defesa Civil divulgou nesta segunda-feira, 5, o balan\u00e7o em rela\u00e7\u00e3o \u00e0s chuvas do final de semana na cidade.<\/p>\n<p>De acordo com a nota, nas \u00faltimas 48 horas, Juiz de Fora registrou m\u00e9dia de 26,91 mm, sendo os \u00edndices pluviom\u00e9tricos de Passos Del Rei, Ponte Preta e Santa Efig\u00eania, respectivamente, 50,06 mm, 43,49 mm e 35,09 mm. Os dados s\u00e3o dos pluvi\u00f4metros do Centro Nacional de Monitoramento e Alertas de Desastres Naturais (Cemaden). A previs\u00e3o \u00e9 de que as chuvas prevale\u00e7am na cidade at\u00e9 quarta (07) e que o sol volte a aparecer com mais intensidade a partir de quinta.<\/p>\n<p>Neste final de semana, a Defesa Civil registrou cinco ocorr\u00eancias sem gravidade: trinca em muro no bairro Fontesville; trinca em parede, no Monte Castelo; orienta\u00e7\u00e3o t\u00e9cnica preventiva, no Parque Independ\u00eancia; amea\u00e7a de desabamento de muro de divisa, no S\u00e3o Pedro; e escorregamento de talude no bairro Santo Ant\u00f4nio. Neste \u00faltimo caso, o barranco deslizou e derrubou um muro, n\u00e3o atingindo nenhuma resid\u00eancia ou pessoa.<\/p>\n<p>Das 10h de s\u00e1bado, 3, at\u00e9 a manh\u00e3 desta segunda, 5, o Rio Paraibuna subiu 24 cm, oscilando de 1,17m para 1,41m.<\/p>\n<p>Fonte: Assessoria \/ PJF<\/p>\n","protected":false},"excerpt":{"rendered":"<p>A Defesa Civil divulgou nesta segunda-feira, 5, o balan\u00e7o em rela\u00e7\u00e3o \u00e0s chuvas do final de semana na cidade. De acordo com a nota, nas \u00faltimas 48 horas, Juiz de Fora registrou m\u00e9dia de 26,91 mm, sendo os \u00edndices pluviom\u00e9tricos de Passos Del Rei, Ponte Preta e Santa Efig\u00eania, respectivamente, 50,06 mm, 43,49 mm e [&hellip;]<\/p>\n","protected":false},"author":96,"featured_media":91193,"comment_status":"closed","ping_status":"closed","sticky":false,"template":"","format":"standard","meta":{"footnotes":""},"categories":[253],"tags":[],"class_list":["post-91194","post","type-post","status-publish","format-standard","has-post-thumbnail","hentry","category-cidade"],"_links":{"self":[{"href":"https:\/\/diarioregionaldigital.com.br\/index.php?rest_route=\/wp\/v2\/posts\/91194","targetHints":{"allow":["GET"]}}],"collection":[{"href":"https:\/\/diarioregionaldigital.com.br\/index.php?rest_route=\/wp\/v2\/posts"}],"about":[{"href":"https:\/\/diarioregionaldigital.com.br\/index.php?rest_route=\/wp\/v2\/types\/post"}],"author":[{"embeddable":true,"href":"https:\/\/diarioregionaldigital.com.br\/index.php?rest_route=\/wp\/v2\/users\/96"}],"replies":[{"embeddable":true,"href":"https:\/\/diarioregionaldigital.com.br\/index.php?rest_route=%2Fwp%2Fv2%2Fcomments&post=91194"}],"version-history":[{"count":0,"href":"https:\/\/diarioregionaldigital.com.br\/index.php?rest_route=\/wp\/v2\/posts\/91194\/revisions"}],"wp:featuredmedia":[{"embeddable":true,"href":"https:\/\/diarioregionaldigital.com.br\/index.php?rest_route=\/wp\/v2\/media\/91193"}],"wp:attachment":[{"href":"https:\/\/diarioregionaldigital.com.br\/index.php?rest_route=%2Fwp%2Fv2%2Fmedia&parent=91194"}],"wp:term":[{"taxonomy":"category","embeddable":true,"href":"https:\/\/diarioregionaldigital.com.br\/index.php?rest_route=%2Fwp%2Fv2%2Fcategories&post=91194"},{"taxonomy":"post_tag","embeddable":true,"href":"https:\/\/diarioregionaldigital.com.br\/index.php?rest_route=%2Fwp%2Fv2%2Ftags&post=91194"}],"curies":[{"name":"wp","href":"https:\/\/api.w.org\/{rel}","templated":true}]}}