{"id":91192,"date":"2018-02-05T13:16:34","date_gmt":"2018-02-05T15:16:34","guid":{"rendered":"http:\/\/diarioregionaljf.com.br\/2018\/02\/05\/prefeitura-tocantins-errata-04-02\/"},"modified":"2018-08-13T20:35:21","modified_gmt":"2018-08-13T23:35:21","slug":"prefeitura-tocantins-errata-04-02","status":"publish","type":"post","link":"https:\/\/diarioregionaldigital.com.br\/?p=91192","title":{"rendered":"Prefeitura Tocantins &#8211; ERRATA &#8211; 04\/02"},"content":{"rendered":"<p>O Prefeito Municipal de Tocantins, no uso de suas atribui\u00e7\u00f5es, torna p\u00fablico para conhecimento dos interessados, que decidiu tornar sem efeito a seguinte publica\u00e7\u00e3o de ratifica\u00e7\u00e3o do processo n\u00ba 15\/2018, inexigibilidade de licita\u00e7\u00e3o n\u00ba 001\/2018, com data de 26\/01\/2018: \u201cO Prefeito Municipal de Tocantins torna p\u00fablico que ratificou o processo n\u00ba 015\/2018, inexigibilidade de Licita\u00e7\u00e3o n\u00ba 001\/2018, que teve como objeto a contrata\u00e7\u00e3o da Banda Lira Tocantinense, CNPJ n\u00ba 20.352.944\/0001-35, exclusivo dos Artistas\/Banda Lira Tocantinense ao valor global de R$ 15.360,00 (quinze mil, trezentos e sessenta reais), para abrilhantar o evento cultural a ser promovido pela Secretaria Municipal de Educa\u00e7\u00e3o e Cultura denominado \u201cCarnaval 2018\u201d que dever\u00e1 acontecer entre os dias 09 a 13 de fevereiro na Pra\u00e7a do Ros\u00e1rio do Munic\u00edpio. O prazo para de vig\u00eancia dos contratos ser\u00e1 at\u00e9 o t\u00e9rmino final das obriga\u00e7\u00f5es contra\u00eddas pelas partes. Tocantins (MG), 26 de janeiro de 2018. IEDER WASHINGTON DE OLIVEIRA \u2013 Prefeito Municipal\u201d. Motivo: Erro de Publica\u00e7\u00e3o. Tocantins, 02 de fevereiro de 2018. IEDER WASHINGTON DE OLIVEIRA &#8211; Prefeito Municipal.<\/p>\n","protected":false},"excerpt":{"rendered":"<p>O Prefeito Municipal de Tocantins, no uso de suas atribui\u00e7\u00f5es, torna p\u00fablico para conhecimento dos interessados, que decidiu tornar sem efeito a seguinte publica\u00e7\u00e3o de ratifica\u00e7\u00e3o do processo n\u00ba 15\/2018, inexigibilidade de licita\u00e7\u00e3o n\u00ba 001\/2018, com data de 26\/01\/2018: \u201cO Prefeito Municipal de Tocantins torna p\u00fablico que ratificou o processo n\u00ba 015\/2018, inexigibilidade de Licita\u00e7\u00e3o [&hellip;]<\/p>\n","protected":false},"author":96,"featured_media":0,"comment_status":"closed","ping_status":"closed","sticky":false,"template":"","format":"standard","meta":{"footnotes":""},"categories":[307],"tags":[],"class_list":["post-91192","post","type-post","status-publish","format-standard","hentry","category-editais"],"_links":{"self":[{"href":"https:\/\/diarioregionaldigital.com.br\/index.php?rest_route=\/wp\/v2\/posts\/91192","targetHints":{"allow":["GET"]}}],"collection":[{"href":"https:\/\/diarioregionaldigital.com.br\/index.php?rest_route=\/wp\/v2\/posts"}],"about":[{"href":"https:\/\/diarioregionaldigital.com.br\/index.php?rest_route=\/wp\/v2\/types\/post"}],"author":[{"embeddable":true,"href":"https:\/\/diarioregionaldigital.com.br\/index.php?rest_route=\/wp\/v2\/users\/96"}],"replies":[{"embeddable":true,"href":"https:\/\/diarioregionaldigital.com.br\/index.php?rest_route=%2Fwp%2Fv2%2Fcomments&post=91192"}],"version-history":[{"count":0,"href":"https:\/\/diarioregionaldigital.com.br\/index.php?rest_route=\/wp\/v2\/posts\/91192\/revisions"}],"wp:attachment":[{"href":"https:\/\/diarioregionaldigital.com.br\/index.php?rest_route=%2Fwp%2Fv2%2Fmedia&parent=91192"}],"wp:term":[{"taxonomy":"category","embeddable":true,"href":"https:\/\/diarioregionaldigital.com.br\/index.php?rest_route=%2Fwp%2Fv2%2Fcategories&post=91192"},{"taxonomy":"post_tag","embeddable":true,"href":"https:\/\/diarioregionaldigital.com.br\/index.php?rest_route=%2Fwp%2Fv2%2Ftags&post=91192"}],"curies":[{"name":"wp","href":"https:\/\/api.w.org\/{rel}","templated":true}]}}