{"id":91190,"date":"2018-02-05T13:14:24","date_gmt":"2018-02-05T15:14:24","guid":{"rendered":"http:\/\/diarioregionaljf.com.br\/2018\/02\/05\/homem-fica-preso-as-ferragens-apos-batida-contra-onibus\/"},"modified":"2018-02-05T13:14:24","modified_gmt":"2018-02-05T15:14:24","slug":"homem-fica-preso-as-ferragens-apos-batida-contra-onibus","status":"publish","type":"post","link":"https:\/\/diarioregionaldigital.com.br\/?p=91190","title":{"rendered":"Homem fica preso \u00e0s ferragens ap\u00f3s batida contra \u00f4nibus"},"content":{"rendered":"<p>Um acidente envolvendo um \u00f4nibus e um carro deixou uma v\u00edtima em estado grave neste domingo, 4, no bairro Bandeirantes, localizado na zona Nordeste da cidade.<\/p>\n<p>De acordo com o registro de ocorr\u00eancias da Pol\u00edcia Militar (PM), um coletivo da linha 117 (bairro Vivendas da Serra &#8211; Rio Branco) seguia pela Rua Paracatu em dire\u00e7\u00e3o ao centro da cidade, quando em uma curva a esquerda um carro da marca Honda Crv invadiu a pista na contra m\u00e3o vindo a chocar-se contra o \u00f4nibus.<\/p>\n<p>Devido \u00e0 for\u00e7a da colis\u00e3o, o motorista do coletivo, de 38 anos, s\u00f3 conseguiu controlar e parar o ve\u00edculo mais a frente.<\/p>\n<p>O motorista do carro, um agente penitenci\u00e1rio de 36 anos, ficou preso \u00e0s ferragens e foi resgatado pela equipe do Corpo de Bombeiros. Uma passageira de 26 anos, tamb\u00e9m sofreu ferimentos leves. Ambos foram socorridos pelo Servi\u00e7o de Atendimento M\u00f3vel de Urg\u00eancia (SAMU) e encaminhados para o Hospital de Pronto Socorro (HPS). A jovem foi medicada e liberada. O motorista segue internado.<\/p>\n<p>A per\u00edcia esteve presente no local realizando os servi\u00e7os de praxe e liberando o local.<\/p>\n<p>O ve\u00edculo foi removido pelo auto socorro de plant\u00e3o.<\/p>\n<p><img loading=\"lazy\" decoding=\"async\" class=\" size-full wp-image-91189\" src=\"http:\/\/diarioregionaljf.com.br\/wp-content\/uploads\/2018\/02\/diario-int-23829-1.jpeg\" alt=\"WhatsApp Image 2018 02 04 at 09.23.50\" width=\"507\" height=\"285\" srcset=\"https:\/\/diarioregionaldigital.com.br\/wp-content\/uploads\/2018\/02\/diario-int-23829-1.jpeg 1280w, https:\/\/diarioregionaldigital.com.br\/wp-content\/uploads\/2018\/02\/diario-int-23829-1-300x169.jpeg 300w, https:\/\/diarioregionaldigital.com.br\/wp-content\/uploads\/2018\/02\/diario-int-23829-1-768x432.jpeg 768w, https:\/\/diarioregionaldigital.com.br\/wp-content\/uploads\/2018\/02\/diario-int-23829-1-1024x576.jpeg 1024w, https:\/\/diarioregionaldigital.com.br\/wp-content\/uploads\/2018\/02\/diario-int-23829-1-360x203.jpeg 360w\" sizes=\"auto, (max-width: 507px) 100vw, 507px\" \/><\/p>\n<p>Foto: Corpo de Bombeiros<\/p>\n","protected":false},"excerpt":{"rendered":"<p>Um acidente envolvendo um \u00f4nibus e um carro deixou uma v\u00edtima em estado grave neste domingo, 4, no bairro Bandeirantes, localizado na zona Nordeste da cidade. De acordo com o registro de ocorr\u00eancias da Pol\u00edcia Militar (PM), um coletivo da linha 117 (bairro Vivendas da Serra &#8211; Rio Branco) seguia pela Rua Paracatu em dire\u00e7\u00e3o [&hellip;]<\/p>\n","protected":false},"author":96,"featured_media":91188,"comment_status":"closed","ping_status":"closed","sticky":false,"template":"","format":"standard","meta":{"footnotes":""},"categories":[301],"tags":[],"class_list":["post-91190","post","type-post","status-publish","format-standard","has-post-thumbnail","hentry","category-artigos-policiais"],"_links":{"self":[{"href":"https:\/\/diarioregionaldigital.com.br\/index.php?rest_route=\/wp\/v2\/posts\/91190","targetHints":{"allow":["GET"]}}],"collection":[{"href":"https:\/\/diarioregionaldigital.com.br\/index.php?rest_route=\/wp\/v2\/posts"}],"about":[{"href":"https:\/\/diarioregionaldigital.com.br\/index.php?rest_route=\/wp\/v2\/types\/post"}],"author":[{"embeddable":true,"href":"https:\/\/diarioregionaldigital.com.br\/index.php?rest_route=\/wp\/v2\/users\/96"}],"replies":[{"embeddable":true,"href":"https:\/\/diarioregionaldigital.com.br\/index.php?rest_route=%2Fwp%2Fv2%2Fcomments&post=91190"}],"version-history":[{"count":0,"href":"https:\/\/diarioregionaldigital.com.br\/index.php?rest_route=\/wp\/v2\/posts\/91190\/revisions"}],"wp:featuredmedia":[{"embeddable":true,"href":"https:\/\/diarioregionaldigital.com.br\/index.php?rest_route=\/wp\/v2\/media\/91188"}],"wp:attachment":[{"href":"https:\/\/diarioregionaldigital.com.br\/index.php?rest_route=%2Fwp%2Fv2%2Fmedia&parent=91190"}],"wp:term":[{"taxonomy":"category","embeddable":true,"href":"https:\/\/diarioregionaldigital.com.br\/index.php?rest_route=%2Fwp%2Fv2%2Fcategories&post=91190"},{"taxonomy":"post_tag","embeddable":true,"href":"https:\/\/diarioregionaldigital.com.br\/index.php?rest_route=%2Fwp%2Fv2%2Ftags&post=91190"}],"curies":[{"name":"wp","href":"https:\/\/api.w.org\/{rel}","templated":true}]}}