{"id":91187,"date":"2018-02-05T13:12:35","date_gmt":"2018-02-05T15:12:35","guid":{"rendered":"http:\/\/diarioregionaljf.com.br\/2018\/02\/05\/prefeitura-municipal-de-pirauba-04-02\/"},"modified":"2018-08-13T20:35:22","modified_gmt":"2018-08-13T23:35:22","slug":"prefeitura-municipal-de-pirauba-04-02","status":"publish","type":"post","link":"https:\/\/diarioregionaldigital.com.br\/?p=91187","title":{"rendered":"Prefeitura Municipal de Pira\u00faba &#8211; 04\/02"},"content":{"rendered":"<h4 style=\"text-align: center;\">PREFEITURA MUNICIPAL DE PIRA\u00daBA.<\/h4>\n<p>&nbsp;<\/p>\n<p>Extrato do Contrato n.\u00ba 009\/2018 Inexigibilidade n.\u00ba 002\/2018 \u2013 PRC n.\u00ba 013\/2018. Objeto: contrata\u00e7\u00e3o da empresa detentora de exclusividade da agenda de shows do artista: Rhuan Cond\u00e9, para apresenta\u00e7\u00e3o de show art\u00edstico musical no dia 08\/02\/2018, durante a comemora\u00e7\u00e3o do Carnaval do CRAS \u2013 Centro de Refer\u00eancia e Assist\u00eancia Social do Munic\u00edpio de Pira\u00faba \u2013 MG. Empresa Contratada: RHUAN COELHO COND\u00c9, CNPJ n.\u00ba 22.431.520\/0001-91. Assinatura: 02\/02\/2018. Vig\u00eancia: 02\/02\/2018 a 01\/03\/2018. Execu\u00e7\u00e3o 08\/02\/2018. Pira\u00faba, MG, 02 de fevereiro de 2018. Adriano Carvalhaes Gravina- Prefeito Municipal.<br \/>PREFEITURA MUNICIPAL DE PIRA\u00daBA. Extrato do Contrato n.\u00ba 010\/2018 Inexigibilidade n.\u00ba 001\/2018 \u2013 PRC n.\u00ba 012\/2018. Objeto: contrata\u00e7\u00e3o da empresa detentora de exclusividade da agenda de shows das bandas: Xaveco Baiano e SPAN, para apresenta\u00e7\u00e3o de show art\u00edstico musical nos dias 09, 10, 11, 12 e 13 de fevereiro de 2018, durante o Carnaval de rua, no Munic\u00edpio de Pira\u00faba. Empresa Contratada: SIDNEY SEBASTI\u00c3O DE ABREU &#8211; ME, CNPJ n.\u00ba09.292.537\/0001-47. Assinatura: 02\/02\/2018. Vig\u00eancia: 02\/02\/2018 \u00e0 01\/03\/2018, Execu\u00e7\u00e3o: 09, 10, 11, 12 e 13 de fevereiro 2018. Pira\u00faba, MG, 02 de fevereiro de 2018. Adriano Carvalhaes Gravina &#8211; Prefeito Municipal.<\/p>\n","protected":false},"excerpt":{"rendered":"<p>PREFEITURA MUNICIPAL DE PIRA\u00daBA. &nbsp; Extrato do Contrato n.\u00ba 009\/2018 Inexigibilidade n.\u00ba 002\/2018 \u2013 PRC n.\u00ba 013\/2018. Objeto: contrata\u00e7\u00e3o da empresa detentora de exclusividade da agenda de shows do artista: Rhuan Cond\u00e9, para apresenta\u00e7\u00e3o de show art\u00edstico musical no dia 08\/02\/2018, durante a comemora\u00e7\u00e3o do Carnaval do CRAS \u2013 Centro de Refer\u00eancia e Assist\u00eancia Social [&hellip;]<\/p>\n","protected":false},"author":96,"featured_media":0,"comment_status":"closed","ping_status":"closed","sticky":false,"template":"","format":"standard","meta":{"footnotes":""},"categories":[307],"tags":[],"class_list":["post-91187","post","type-post","status-publish","format-standard","hentry","category-editais"],"_links":{"self":[{"href":"https:\/\/diarioregionaldigital.com.br\/index.php?rest_route=\/wp\/v2\/posts\/91187","targetHints":{"allow":["GET"]}}],"collection":[{"href":"https:\/\/diarioregionaldigital.com.br\/index.php?rest_route=\/wp\/v2\/posts"}],"about":[{"href":"https:\/\/diarioregionaldigital.com.br\/index.php?rest_route=\/wp\/v2\/types\/post"}],"author":[{"embeddable":true,"href":"https:\/\/diarioregionaldigital.com.br\/index.php?rest_route=\/wp\/v2\/users\/96"}],"replies":[{"embeddable":true,"href":"https:\/\/diarioregionaldigital.com.br\/index.php?rest_route=%2Fwp%2Fv2%2Fcomments&post=91187"}],"version-history":[{"count":0,"href":"https:\/\/diarioregionaldigital.com.br\/index.php?rest_route=\/wp\/v2\/posts\/91187\/revisions"}],"wp:attachment":[{"href":"https:\/\/diarioregionaldigital.com.br\/index.php?rest_route=%2Fwp%2Fv2%2Fmedia&parent=91187"}],"wp:term":[{"taxonomy":"category","embeddable":true,"href":"https:\/\/diarioregionaldigital.com.br\/index.php?rest_route=%2Fwp%2Fv2%2Fcategories&post=91187"},{"taxonomy":"post_tag","embeddable":true,"href":"https:\/\/diarioregionaldigital.com.br\/index.php?rest_route=%2Fwp%2Fv2%2Ftags&post=91187"}],"curies":[{"name":"wp","href":"https:\/\/api.w.org\/{rel}","templated":true}]}}