{"id":91180,"date":"2018-02-05T03:10:26","date_gmt":"2018-02-05T05:10:26","guid":{"rendered":"http:\/\/diarioregionaljf.com.br\/2018\/02\/05\/brasil-vence-grand-prix-de-futsal-e-juiz-forano-leo-santana-conquista-o-primeiro-titulo-com-a-selecao-brasileira\/"},"modified":"2018-02-05T03:10:26","modified_gmt":"2018-02-05T05:10:26","slug":"brasil-vence-grand-prix-de-futsal-e-juiz-forano-leo-santana-conquista-o-primeiro-titulo-com-a-selecao-brasileira","status":"publish","type":"post","link":"https:\/\/diarioregionaldigital.com.br\/?p=91180","title":{"rendered":"Brasil vence Grand Prix de Futsal e Juiz-forano L\u00e9o Santana conquista o primeiro t\u00edtulo com a sele\u00e7\u00e3o brasileira"},"content":{"rendered":"<p>A Sele\u00e7\u00e3o Brasileira se sagrou campe\u00e3 do Grand Prix de&nbsp;futsal&nbsp;neste domingo,4. Depois de um primeiro tempo ruim, os comandados de Marquinhos Xavier dominaram as a\u00e7\u00f5es do segundo per\u00edodo e venceram a Rep\u00fablica Tcheca, de virada, por 4 a 2 na Arena Multiuso, em Brusque (SC).<\/p>\n<p>Com o triunfo, a Sele\u00e7\u00e3o termina a competi\u00e7\u00e3o invicta e valorizada ap\u00f3s os testes de Marquinhos Xavier, que p\u00f4de contar com os atletas que atuam no futsal europeu, j\u00e1 que o Grand Prix foi programado para uma data Fifa, possibilitando a convoca\u00e7\u00e3o, por exemplo, do piv\u00f4 Ferr\u00e3o, autor de dois gols na grande decis\u00e3o.<\/p>\n<p>A conquista tamb\u00e9m foi hist\u00f3rica para Falc\u00e3o. O camisa 12 venceu seu t\u00edtulo de n\u00famero 99 na carreira e est\u00e1 perto de marcar 400 gols pela Sele\u00e7\u00e3o.<\/p>\n<p><strong>O JOGO&nbsp;<\/strong><\/p>\n<p>O primeiro tempo da Sele\u00e7\u00e3o Brasileira foi de altos e baixos. Os principais problemas se deram pela forte marca\u00e7\u00e3o da equipe da Rep\u00fablica Tcheca, principalmente sobre os piv\u00f4s brasileiros. Na parte ofensiva, o time europeu apostava nos contra-ataques e na reposi\u00e7\u00e3o de bola r\u00e1pida para jogadas de individualidade e superioridade num\u00e9rica em rela\u00e7\u00e3o ao time da casa.<\/p>\n<p>Aos poucos, o Brasil foi se encontrando no duelo, mas viu os advers\u00e1rios abrirem o placar. Seidler, carrasco no duelo do \u00faltimo s\u00e1bado, apenas completou a jogada individual do companheiro para abrir o placar. O empate brasileiro veio restando apenas dois minutos. Em jogada caracter\u00edstica de piv\u00f4, Ferr\u00e3o recebeu, girou e bateu firme para empatar.<\/p>\n<p>A Sele\u00e7\u00e3o Brasileira se viu atr\u00e1s do placar logo na volta do intervalo, depois de um contra-ataque que Guitta n\u00e3o p\u00f4de evitar. Poucos minutos depois, por\u00e9m, veio um novo empate. Gadeia aproveitou o erro na sa\u00edda de bola da Rep\u00fablica Tcheca e marcou o segundo gol do Brasil.<\/p>\n<p>Com uma atua\u00e7\u00e3o bem melhor no segundo per\u00edodo, o Brasil conseguiu a virada logo ap\u00f3s o empate. Dieguinho desarmou o advers\u00e1rio e tocou para Leandro Lino, que bateu rasteiro para anotar o terceiro. O quarto foi marcado novamente por Ferr\u00e3o, em jogada semelhante ao seu primeiro gol. A goleada poderia ter ficado ainda maior, mas em dois momentos a trave parou a Sele\u00e7\u00e3o campe\u00e3 do Grand Prix.<\/p>\n<p><strong>&nbsp;<\/strong><\/p>\n","protected":false},"excerpt":{"rendered":"<p>A Sele\u00e7\u00e3o Brasileira se sagrou campe\u00e3 do Grand Prix de&nbsp;futsal&nbsp;neste domingo,4. Depois de um primeiro tempo ruim, os comandados de Marquinhos Xavier dominaram as a\u00e7\u00f5es do segundo per\u00edodo e venceram a Rep\u00fablica Tcheca, de virada, por 4 a 2 na Arena Multiuso, em Brusque (SC). Com o triunfo, a Sele\u00e7\u00e3o termina a competi\u00e7\u00e3o invicta e [&hellip;]<\/p>\n","protected":false},"author":96,"featured_media":91179,"comment_status":"closed","ping_status":"closed","sticky":false,"template":"","format":"standard","meta":{"footnotes":""},"categories":[257],"tags":[],"class_list":["post-91180","post","type-post","status-publish","format-standard","has-post-thumbnail","hentry","category-esporte"],"_links":{"self":[{"href":"https:\/\/diarioregionaldigital.com.br\/index.php?rest_route=\/wp\/v2\/posts\/91180","targetHints":{"allow":["GET"]}}],"collection":[{"href":"https:\/\/diarioregionaldigital.com.br\/index.php?rest_route=\/wp\/v2\/posts"}],"about":[{"href":"https:\/\/diarioregionaldigital.com.br\/index.php?rest_route=\/wp\/v2\/types\/post"}],"author":[{"embeddable":true,"href":"https:\/\/diarioregionaldigital.com.br\/index.php?rest_route=\/wp\/v2\/users\/96"}],"replies":[{"embeddable":true,"href":"https:\/\/diarioregionaldigital.com.br\/index.php?rest_route=%2Fwp%2Fv2%2Fcomments&post=91180"}],"version-history":[{"count":0,"href":"https:\/\/diarioregionaldigital.com.br\/index.php?rest_route=\/wp\/v2\/posts\/91180\/revisions"}],"wp:featuredmedia":[{"embeddable":true,"href":"https:\/\/diarioregionaldigital.com.br\/index.php?rest_route=\/wp\/v2\/media\/91179"}],"wp:attachment":[{"href":"https:\/\/diarioregionaldigital.com.br\/index.php?rest_route=%2Fwp%2Fv2%2Fmedia&parent=91180"}],"wp:term":[{"taxonomy":"category","embeddable":true,"href":"https:\/\/diarioregionaldigital.com.br\/index.php?rest_route=%2Fwp%2Fv2%2Fcategories&post=91180"},{"taxonomy":"post_tag","embeddable":true,"href":"https:\/\/diarioregionaldigital.com.br\/index.php?rest_route=%2Fwp%2Fv2%2Ftags&post=91180"}],"curies":[{"name":"wp","href":"https:\/\/api.w.org\/{rel}","templated":true}]}}