{"id":91178,"date":"2018-02-05T03:05:52","date_gmt":"2018-02-05T05:05:52","guid":{"rendered":"http:\/\/diarioregionaljf.com.br\/2018\/02\/05\/com-golaco-arrascaeta-deixa-cruzeiro-com-a-lideranca-isolada-no-campeonato-mineiro\/"},"modified":"2018-02-05T03:05:52","modified_gmt":"2018-02-05T05:05:52","slug":"com-golaco-arrascaeta-deixa-cruzeiro-com-a-lideranca-isolada-no-campeonato-mineiro","status":"publish","type":"post","link":"https:\/\/diarioregionaldigital.com.br\/?p=91178","title":{"rendered":"Com gola\u00e7o, Arrascaeta deixa Cruzeiro com a lideran\u00e7a isolada no Campeonato Mineiro"},"content":{"rendered":"<p>A vit\u00f3ria da Raposa por 1 a 0 foi marcada por um gola\u00e7o do uruguaio Arrascaeta. Depois de tanto tentar, o Cruzeiro conseguiu abrir o placar aos 23 minutos. Ed\u00edlson cruzou e Arrascaeta mandou a bola no \u00e2ngulo em um belo voleio. O jogo que aconteceu neste domingo, 4, no Mineir\u00e3o, foi marcado por grandes chances e um forte trabalho da defesa de ambas as equipes. Com a vit\u00f3ria, o Cruzeiro assume de forma isolada a lideran\u00e7a do Campeonato Mineiro com 13 pontos e o Am\u00e9rica, segue com a vice lideran\u00e7a.<\/p>\n<p>Na pr\u00f3xima rodada, os comandados de Mano Menezes ir\u00e3o visitar o Democrata, na sexta-feira, dia 9 de fevereiro, \u00e0s 21h30 (de Bras\u00edlia), no est\u00e1dio Mamud\u00e3o. J\u00e1 o time de Enderson Moreira ir\u00e1 encarar o Uberl\u00e2ndia fora de casa, no Parque do Sabi\u00e1, na quinta-feira, dia 8 de fevereiro, \u00e0s 20h15.<\/p>\n","protected":false},"excerpt":{"rendered":"<p>A vit\u00f3ria da Raposa por 1 a 0 foi marcada por um gola\u00e7o do uruguaio Arrascaeta. Depois de tanto tentar, o Cruzeiro conseguiu abrir o placar aos 23 minutos. Ed\u00edlson cruzou e Arrascaeta mandou a bola no \u00e2ngulo em um belo voleio. O jogo que aconteceu neste domingo, 4, no Mineir\u00e3o, foi marcado por grandes [&hellip;]<\/p>\n","protected":false},"author":96,"featured_media":91177,"comment_status":"closed","ping_status":"closed","sticky":false,"template":"","format":"standard","meta":{"footnotes":""},"categories":[257],"tags":[],"class_list":["post-91178","post","type-post","status-publish","format-standard","has-post-thumbnail","hentry","category-esporte"],"_links":{"self":[{"href":"https:\/\/diarioregionaldigital.com.br\/index.php?rest_route=\/wp\/v2\/posts\/91178","targetHints":{"allow":["GET"]}}],"collection":[{"href":"https:\/\/diarioregionaldigital.com.br\/index.php?rest_route=\/wp\/v2\/posts"}],"about":[{"href":"https:\/\/diarioregionaldigital.com.br\/index.php?rest_route=\/wp\/v2\/types\/post"}],"author":[{"embeddable":true,"href":"https:\/\/diarioregionaldigital.com.br\/index.php?rest_route=\/wp\/v2\/users\/96"}],"replies":[{"embeddable":true,"href":"https:\/\/diarioregionaldigital.com.br\/index.php?rest_route=%2Fwp%2Fv2%2Fcomments&post=91178"}],"version-history":[{"count":0,"href":"https:\/\/diarioregionaldigital.com.br\/index.php?rest_route=\/wp\/v2\/posts\/91178\/revisions"}],"wp:featuredmedia":[{"embeddable":true,"href":"https:\/\/diarioregionaldigital.com.br\/index.php?rest_route=\/wp\/v2\/media\/91177"}],"wp:attachment":[{"href":"https:\/\/diarioregionaldigital.com.br\/index.php?rest_route=%2Fwp%2Fv2%2Fmedia&parent=91178"}],"wp:term":[{"taxonomy":"category","embeddable":true,"href":"https:\/\/diarioregionaldigital.com.br\/index.php?rest_route=%2Fwp%2Fv2%2Fcategories&post=91178"},{"taxonomy":"post_tag","embeddable":true,"href":"https:\/\/diarioregionaldigital.com.br\/index.php?rest_route=%2Fwp%2Fv2%2Ftags&post=91178"}],"curies":[{"name":"wp","href":"https:\/\/api.w.org\/{rel}","templated":true}]}}