{"id":91176,"date":"2018-02-05T02:10:30","date_gmt":"2018-02-05T04:10:30","guid":{"rendered":"http:\/\/diarioregionaljf.com.br\/2018\/02\/05\/jf-volei-perde-em-casa-para-o-sesi-sp-e-segue-na-penultima-posicao-da-superliga\/"},"modified":"2018-02-05T02:10:30","modified_gmt":"2018-02-05T04:10:30","slug":"jf-volei-perde-em-casa-para-o-sesi-sp-e-segue-na-penultima-posicao-da-superliga","status":"publish","type":"post","link":"https:\/\/diarioregionaldigital.com.br\/?p=91176","title":{"rendered":"JF V\u00f4lei perde em casa para o Sesi-SP e segue na pen\u00faltima posi\u00e7\u00e3o da Superliga"},"content":{"rendered":"<p>O Sesi-SP bateu a equipe do JF V\u00f4lei na Superliga Masculina, na noite desse s\u00e1bado, 3, por 3 sets a 1 no Gin\u00e1sio da UFJF, em Juiz de Fora, em partida v\u00e1lida pela 15\u00aa rodada da competi\u00e7\u00e3o nacional. Com parciais de: (25\/16, 25\/16, 23\/25 e 25\/17).<\/p>\n<p>O JF V\u00f4lei atuou com o levantador Adami, o oposto Emerson, os ponteiros Ramm\u00e9 e Leozinho, os centrais Bruno e R\u00f4mulo, e o l\u00edbero Juan Mendez. Ainda entraram Felipe, Raphael, Welinton e Franco. J\u00e1 o Sesi-SP, do t\u00e9cnico Rubinho, esteve em quadra com suas principais pe\u00e7as, casos do levantador William, o oposto Alan, os pontas Lipe e Douglas Souza, os meios de rede Luc\u00e3o e Aracaju, com o ponta Murilo na fun\u00e7\u00e3o de l\u00edbero. Ainda entraram Vaccari, Franco e Evandro.<\/p>\n<p>Em busca da quinta vit\u00f3ria seguida na Superliga, o Sesi-SP come\u00e7ou bem em Juiz de Fora. Contando com boa presen\u00e7a de Luc\u00e3o no saque, William servia os companheiros, que cravavam bolas na quadra mineira, estabelecendo vantagem: 17 a 11. Henrique Furtado pediu tempo t\u00e9cnico, promoveu a invers\u00e3o do 5 em 1, tentando mudar o cen\u00e1rio. Por\u00e9m as entradas n\u00e3o surtiram efeito. Ap\u00f3s saque errado de Raphael, o Sesi-SP fechou em 25 a 16.<\/p>\n<p>O segundo set come\u00e7ou agitado, o Sesi saiu na frente e logo JF conseguiu empatar. Aracaj\u00fa e Alan dificultaram a recep\u00e7\u00e3o do JF V\u00f4lei, que n\u00e3o conseguia fazer o side-out. At\u00e9 mesmo quando tinha contra-ataque dispon\u00edvel, os mineiros erravam na defini\u00e7\u00e3o, permitindo ao Sesi-SP aumentar sua vantagem. De novo Henrique Furtado fez a invers\u00e3o para mexer com a partida. Por\u00e9m, os visitantes fecharam em 25 a 16.<\/p>\n<p>&nbsp;As primeiras movimenta\u00e7\u00f5es do terceiro parcial tiveram maior efic\u00e1cia de Emerson e companheiros no lado ofensivo. O placar parelho 12 a 12 parecia permanecer mesmo com finta de William para ponto e fortes saques paulistas. E, de fato, a diferen\u00e7a at\u00e9 o final n\u00e3o foi maior que dois para nenhuma das equipes. Ainda assim, Lipe acusou seu toque em bloqueio quando a arbitragem havia apontado bola fora de Leozinho, arrancando aplausos da torcida, animada com a lideran\u00e7a juiz-forana na contagem 19 a 17. Comando, este que, aliado aos ataques de Leozinho e Ramm\u00e9, e \u00faltima diagonal de Emerson, foi mantido e deu vit\u00f3ria local por 25 a 23.<\/p>\n<p>Iniciou bem o per\u00edodo \u00e9 o JF V\u00f4lei segurava os paulistas. Por\u00e9m, a partir de dois pontos de Vaccari, abrindo 7 a 5, o set come\u00e7ou a se desenhar para os paulistas: 12 a 8. Rodando com frequ\u00eancia, atrav\u00e9s de Lipe, Luc\u00e3o e Alan, o time de Rubinho administrava sua vantagem. A\u00ed foi s\u00f3 esperar para fechar em 25 a 17 e celebra a quinta vit\u00f3ria seguida na Superliga.<\/p>\n<p>Com o resultado, o Sesi-SP chega aos 35 pontos e \u00e9 o terceiro colocado da Superliga. O JF V\u00f4lei \u00e9 o pen\u00faltimo, com quatro pontos. As duas equipes voltam \u00e0 quadra nesta quinta-feira, 8. O Sesi-SP recebe o Minas, \u00e0s 19h, na Vila Leopoldina. J\u00e1 o JF V\u00f4lei encara o Taubat\u00e9, \u00e0s 19h30, na Arena UFJF.<\/p>\n","protected":false},"excerpt":{"rendered":"<p>O Sesi-SP bateu a equipe do JF V\u00f4lei na Superliga Masculina, na noite desse s\u00e1bado, 3, por 3 sets a 1 no Gin\u00e1sio da UFJF, em Juiz de Fora, em partida v\u00e1lida pela 15\u00aa rodada da competi\u00e7\u00e3o nacional. Com parciais de: (25\/16, 25\/16, 23\/25 e 25\/17). O JF V\u00f4lei atuou com o levantador Adami, o [&hellip;]<\/p>\n","protected":false},"author":96,"featured_media":91175,"comment_status":"closed","ping_status":"closed","sticky":false,"template":"","format":"standard","meta":{"footnotes":""},"categories":[257],"tags":[],"class_list":["post-91176","post","type-post","status-publish","format-standard","has-post-thumbnail","hentry","category-esporte"],"_links":{"self":[{"href":"https:\/\/diarioregionaldigital.com.br\/index.php?rest_route=\/wp\/v2\/posts\/91176","targetHints":{"allow":["GET"]}}],"collection":[{"href":"https:\/\/diarioregionaldigital.com.br\/index.php?rest_route=\/wp\/v2\/posts"}],"about":[{"href":"https:\/\/diarioregionaldigital.com.br\/index.php?rest_route=\/wp\/v2\/types\/post"}],"author":[{"embeddable":true,"href":"https:\/\/diarioregionaldigital.com.br\/index.php?rest_route=\/wp\/v2\/users\/96"}],"replies":[{"embeddable":true,"href":"https:\/\/diarioregionaldigital.com.br\/index.php?rest_route=%2Fwp%2Fv2%2Fcomments&post=91176"}],"version-history":[{"count":0,"href":"https:\/\/diarioregionaldigital.com.br\/index.php?rest_route=\/wp\/v2\/posts\/91176\/revisions"}],"wp:featuredmedia":[{"embeddable":true,"href":"https:\/\/diarioregionaldigital.com.br\/index.php?rest_route=\/wp\/v2\/media\/91175"}],"wp:attachment":[{"href":"https:\/\/diarioregionaldigital.com.br\/index.php?rest_route=%2Fwp%2Fv2%2Fmedia&parent=91176"}],"wp:term":[{"taxonomy":"category","embeddable":true,"href":"https:\/\/diarioregionaldigital.com.br\/index.php?rest_route=%2Fwp%2Fv2%2Fcategories&post=91176"},{"taxonomy":"post_tag","embeddable":true,"href":"https:\/\/diarioregionaldigital.com.br\/index.php?rest_route=%2Fwp%2Fv2%2Ftags&post=91176"}],"curies":[{"name":"wp","href":"https:\/\/api.w.org\/{rel}","templated":true}]}}