{"id":91174,"date":"2018-02-05T01:55:22","date_gmt":"2018-02-05T03:55:22","guid":{"rendered":"http:\/\/diarioregionaljf.com.br\/2018\/02\/05\/tupi-perde-mais-uma-partida-e-tecnico-alexandre-barroso-se-despede-da-equipe\/"},"modified":"2018-02-05T01:55:22","modified_gmt":"2018-02-05T03:55:22","slug":"tupi-perde-mais-uma-partida-e-tecnico-alexandre-barroso-se-despede-da-equipe","status":"publish","type":"post","link":"https:\/\/diarioregionaldigital.com.br\/?p=91174","title":{"rendered":"Tupi perde mais uma partida e t\u00e9cnico Alexandre Barroso se despede da equipe"},"content":{"rendered":"<p>Tupi perdeu para o Villa Nova-MG na tarde desse domingo, 4, em Nova Lima, por 3 a 1. Villa Nova voltou a respirar no Campeonato Mineiro e afundou mais o Galo Carij\u00f3 que segue na lanterna.<\/p>\n<p>Com a derrota Carij\u00f3 Alexandre Barroso n\u00e3o \u00e9 mais t\u00e9cnico do Tupi. Ap\u00f3s a derrota para o Villa Nova-MG, o treinador foi demitido do comando t\u00e9cnico carij\u00f3. A informa\u00e7\u00e3o foi confirmada pelo diretor de futebol Nicanor Pires, logo ap\u00f3s a partida.<\/p>\n<p>De acordo com Nicanor, em entrevista ap\u00f3s a partida, o comunicado foi feito logo ap\u00f3s a chegada dos atletas ao vesti\u00e1rio no Al\u00e7ap\u00e3o do Bonfim: \u201cTive uma conversa ap\u00f3s o jogo, coisa r\u00e1pida. expliquei a necessidade troca de comando t\u00e9cnico, muito mais por uma quest\u00e3o cultural no futebol do que um problema com o treinador. Ele n\u00e3o vai continuar conosco. Isso \u00e9 ruim para o Tupi, j\u00e1 que o trabalho da pr\u00e9-temporada n\u00e3o vai ter continuidade, ser\u00e1 perdido,\u201d contou.<\/p>\n<p>Equipe Carij\u00f3 ainda n\u00e3o tem um substituto para Barroso, por enquanto Ricardo Le\u00e3o assume a equipe alvinegra. Ainda sobre a demiss\u00e3o de Barroso, Nicanor disse que as caracter\u00edsticas do Estadual, aliadas \u00e0 m\u00e1 campanha, foram determinantes para a decis\u00e3o da diretoria. Al\u00e9m disso, ele afirma que os jogadores tamb\u00e9m t\u00eam culpa pela situa\u00e7\u00e3o que o Galo atravessa: \u201cN\u00e3o d\u00e1 pra disputar cinco jogos e perder quatro no Campeonato Mineiro. \u00c9 um campeonato trai\u00e7oeiro. Montamos um time pra brigar por uma vaga no G-8. N\u00e3o \u00e9 porque a equipe vive momento ruim, que vou mudar o discurso, mas os jogadores v\u00e3o precisar buscar, mostrar que t\u00eam condi\u00e7\u00e3o pra isso. Tem que mudar postura, dar um pouquinho mais. O que foi feito at\u00e9 agora n\u00e3o foi o suficiente,\u201d explicou o director.<\/p>\n<p>A equipe do Tupi que teria uma folga na segunda-feira, 5, ir\u00e1 se apresentar normalmente em Santa Terezinha.<\/p>\n<p>Alexandre Barroso chegou ao Galo no fim de outubro e iniciou a pr\u00e9-temporada com o Tupi-MG no inicio de dezembro. No comando t\u00e9cnico, Barroso fez cinco partidas, com uma vit\u00f3ria, diante da Caldense, e quatro derrotas. Foram cinco gols marcados e 13 sofridos, com saldo de oito gols negativos. A campanha coloca o Tupi na lanterna do Estadual.<\/p>\n","protected":false},"excerpt":{"rendered":"<p>Tupi perdeu para o Villa Nova-MG na tarde desse domingo, 4, em Nova Lima, por 3 a 1. Villa Nova voltou a respirar no Campeonato Mineiro e afundou mais o Galo Carij\u00f3 que segue na lanterna. Com a derrota Carij\u00f3 Alexandre Barroso n\u00e3o \u00e9 mais t\u00e9cnico do Tupi. Ap\u00f3s a derrota para o Villa Nova-MG, [&hellip;]<\/p>\n","protected":false},"author":96,"featured_media":91173,"comment_status":"closed","ping_status":"closed","sticky":false,"template":"","format":"standard","meta":{"footnotes":""},"categories":[257],"tags":[],"class_list":["post-91174","post","type-post","status-publish","format-standard","has-post-thumbnail","hentry","category-esporte"],"_links":{"self":[{"href":"https:\/\/diarioregionaldigital.com.br\/index.php?rest_route=\/wp\/v2\/posts\/91174","targetHints":{"allow":["GET"]}}],"collection":[{"href":"https:\/\/diarioregionaldigital.com.br\/index.php?rest_route=\/wp\/v2\/posts"}],"about":[{"href":"https:\/\/diarioregionaldigital.com.br\/index.php?rest_route=\/wp\/v2\/types\/post"}],"author":[{"embeddable":true,"href":"https:\/\/diarioregionaldigital.com.br\/index.php?rest_route=\/wp\/v2\/users\/96"}],"replies":[{"embeddable":true,"href":"https:\/\/diarioregionaldigital.com.br\/index.php?rest_route=%2Fwp%2Fv2%2Fcomments&post=91174"}],"version-history":[{"count":0,"href":"https:\/\/diarioregionaldigital.com.br\/index.php?rest_route=\/wp\/v2\/posts\/91174\/revisions"}],"wp:featuredmedia":[{"embeddable":true,"href":"https:\/\/diarioregionaldigital.com.br\/index.php?rest_route=\/wp\/v2\/media\/91173"}],"wp:attachment":[{"href":"https:\/\/diarioregionaldigital.com.br\/index.php?rest_route=%2Fwp%2Fv2%2Fmedia&parent=91174"}],"wp:term":[{"taxonomy":"category","embeddable":true,"href":"https:\/\/diarioregionaldigital.com.br\/index.php?rest_route=%2Fwp%2Fv2%2Fcategories&post=91174"},{"taxonomy":"post_tag","embeddable":true,"href":"https:\/\/diarioregionaldigital.com.br\/index.php?rest_route=%2Fwp%2Fv2%2Ftags&post=91174"}],"curies":[{"name":"wp","href":"https:\/\/api.w.org\/{rel}","templated":true}]}}